{"id":166964,"date":"2024-06-03T11:30:51","date_gmt":"2024-06-03T09:30:51","guid":{"rendered":"https:\/\/www.claret.org\/celebracao-do-compromisso-e-da-fe-profissoes-claretianas-e-renovacoes-na-india\/"},"modified":"2024-06-18T15:42:24","modified_gmt":"2024-06-18T13:42:24","slug":"celebracao-do-compromisso-e-da-fe-profissoes-claretianas-e-renovacoes-na-india","status":"publish","type":"post","link":"https:\/\/www.claret.org\/pt-pt\/celebracao-do-compromisso-e-da-fe-profissoes-claretianas-e-renovacoes-na-india\/","title":{"rendered":"Celebra\u00e7\u00e3o do Compromisso e da F\u00e9: Profiss\u00f5es Claretianas e Renova\u00e7\u00f5es na \u00cdndia"},"content":{"rendered":"\n<p><p>No dia 31 de maio de 2024, Festa da Visita\u00e7\u00e3o da Bem-Aventurada Virgem Maria, os Organismos Claretianos da \u00cdndia celebraram e testemunharam profiss\u00f5es e renova\u00e7\u00f5es.<\/p><\/p>\n\n<p><p><strong>Prov\u00edncia de St. Thomas<\/strong><\/p><\/p>\n\n<p>Numa solene celebra\u00e7\u00e3o eucar\u00edstica presidida pelo Pe. Siby Njavallikunnel CMF, Superior Provincial, os estudantes John Kodackanal, Tojit Pallipurathu e Ajin Pottananiyil emitiram a profiss\u00e3o perp\u00e9tua e vinte e dois estudantes da Prov\u00edncia renovaram os seus votos, reafirmando o seu compromisso com a f\u00e9 e o servi\u00e7o em Kuravilangad, \u00cdndia. O evento contou com a presen\u00e7a de sacerdotes, religiosos, pais, familiares e simpatizantes.<\/p>\n\n<p><\/p>\n\n<p><\/p>\n\n<figure class=\"wp-block-gallery has-nested-images columns-default is-cropped wp-block-gallery-1 is-layout-flex wp-block-gallery-is-layout-flex\">\n<figure class=\"wp-block-image size-large\"><img data-recalc-dims=\"1\" loading=\"lazy\" decoding=\"async\" width=\"891\" height=\"1024\" data-id=\"166740\" src=\"https:\/\/i0.wp.com\/www.claret.org\/wp-content\/uploads\/2024\/06\/IMG-20240531-WA0202.jpg?resize=891%2C1024&#038;ssl=1\" alt=\"\" class=\"wp-image-166740\" title=\"\"><\/figure>\n\n\n\n<figure class=\"wp-block-image size-large\"><img data-recalc-dims=\"1\" loading=\"lazy\" decoding=\"async\" width=\"1024\" height=\"577\" data-id=\"166752\" src=\"https:\/\/i0.wp.com\/www.claret.org\/wp-content\/uploads\/2024\/06\/IMG-20240531-WA0213.jpg?resize=1024%2C577&#038;ssl=1\" alt=\"\" class=\"wp-image-166752\" title=\"\" srcset=\"https:\/\/www.claret.org\/wp-content\/uploads\/2024\/06\/IMG-20240531-WA0213-980x552.jpg 980w, https:\/\/www.claret.org\/wp-content\/uploads\/2024\/06\/IMG-20240531-WA0213-480x270.jpg 480w\" sizes=\"(min-width: 0px) and (max-width: 480px) 480px, (min-width: 481px) and (max-width: 980px) 980px, (min-width: 981px) 1024px, 100vw\" \/><\/figure>\n\n\n\n<figure class=\"wp-block-image size-large\"><img data-recalc-dims=\"1\" loading=\"lazy\" decoding=\"async\" width=\"1024\" height=\"577\" data-id=\"166746\" src=\"https:\/\/i0.wp.com\/www.claret.org\/wp-content\/uploads\/2024\/06\/IMG-20240531-WA0210.jpg?resize=1024%2C577&#038;ssl=1\" alt=\"\" class=\"wp-image-166746\" title=\"\" srcset=\"https:\/\/www.claret.org\/wp-content\/uploads\/2024\/06\/IMG-20240531-WA0210-980x552.jpg 980w, https:\/\/www.claret.org\/wp-content\/uploads\/2024\/06\/IMG-20240531-WA0210-480x270.jpg 480w\" sizes=\"(min-width: 0px) and (max-width: 480px) 480px, (min-width: 481px) and (max-width: 980px) 980px, (min-width: 981px) 1024px, 100vw\" \/><\/figure>\n<\/figure>\n\n<p><\/p>\n\n<p><\/p>\n\n<p><p><strong>Prov\u00edncia de Bangalore<\/strong><\/p><\/p>\n\n<p>Sete postulantes ingressaram no noviciado em 30 de maio de 2024, marcando um passo significativo em sua jornada espiritual. No dia seguinte, 31 de maio de 2024, assistimos \u00e0 Primeira Profiss\u00e3o de quatro novi\u00e7os da Prov\u00edncia de Bangalore e de um da Delega\u00e7\u00e3o de Calcut\u00e1, juntamente com dez renova\u00e7\u00f5es de votos. O evento foi realizado em Claret Bhavan, Bangalore, \u00cdndia.<\/p>\n\n<p><\/p>\n\n<p><\/p>\n\n<figure class=\"wp-block-gallery has-nested-images columns-default is-cropped wp-block-gallery-2 is-layout-flex wp-block-gallery-is-layout-flex\">\n<figure class=\"wp-block-image size-large\"><img data-recalc-dims=\"1\" loading=\"lazy\" decoding=\"async\" width=\"1024\" height=\"684\" data-id=\"166758\" src=\"https:\/\/i0.wp.com\/www.claret.org\/wp-content\/uploads\/2024\/06\/Novices2024.jpg?resize=1024%2C684&#038;ssl=1\" alt=\"\" class=\"wp-image-166758\" title=\"\" srcset=\"https:\/\/www.claret.org\/wp-content\/uploads\/2024\/06\/Novices2024-980x655.jpg 980w, https:\/\/www.claret.org\/wp-content\/uploads\/2024\/06\/Novices2024-480x321.jpg 480w\" sizes=\"(min-width: 0px) and (max-width: 480px) 480px, (min-width: 481px) and (max-width: 980px) 980px, (min-width: 981px) 1024px, 100vw\" \/><\/figure>\n\n\n\n<figure class=\"wp-block-image size-large\"><img data-recalc-dims=\"1\" loading=\"lazy\" decoding=\"async\" width=\"1024\" height=\"684\" data-id=\"166764\" src=\"https:\/\/i0.wp.com\/www.claret.org\/wp-content\/uploads\/2024\/06\/First-Profession-BANG-3.jpg?resize=1024%2C684&#038;ssl=1\" alt=\"\" class=\"wp-image-166764\" title=\"\" srcset=\"https:\/\/www.claret.org\/wp-content\/uploads\/2024\/06\/First-Profession-BANG-3-980x655.jpg 980w, https:\/\/www.claret.org\/wp-content\/uploads\/2024\/06\/First-Profession-BANG-3-480x321.jpg 480w\" sizes=\"(min-width: 0px) and (max-width: 480px) 480px, (min-width: 481px) and (max-width: 980px) 980px, (min-width: 981px) 1024px, 100vw\" \/><\/figure>\n\n\n\n<figure class=\"wp-block-image size-large\"><img data-recalc-dims=\"1\" loading=\"lazy\" decoding=\"async\" width=\"1024\" height=\"684\" data-id=\"166770\" src=\"https:\/\/i0.wp.com\/www.claret.org\/wp-content\/uploads\/2024\/06\/First-Profession-BANG-5.jpg?resize=1024%2C684&#038;ssl=1\" alt=\"\" class=\"wp-image-166770\" title=\"\" srcset=\"https:\/\/www.claret.org\/wp-content\/uploads\/2024\/06\/First-Profession-BANG-5-980x655.jpg 980w, https:\/\/www.claret.org\/wp-content\/uploads\/2024\/06\/First-Profession-BANG-5-480x321.jpg 480w\" sizes=\"(min-width: 0px) and (max-width: 480px) 480px, (min-width: 481px) and (max-width: 980px) 980px, (min-width: 981px) 1024px, 100vw\" \/><\/figure>\n<\/figure>\n\n<p><\/p>\n\n<p><\/p>\n\n<p><p><strong>Delega\u00e7\u00e3o Independente de Calcut\u00e1<\/strong><\/p><\/p>\n\n<p>A delega\u00e7\u00e3o de Calcut\u00e1 foi aben\u00e7oada e enriquecida quando nove estudantes fizeram a sua primeira profiss\u00e3o e dois estudantes chamados Balaram Mandi e Sujit Kisku fizeram a sua profiss\u00e3o perp\u00e9tua a Deus e ao seu povo em Claret Nivas, Barrackpore, Calcut\u00e1.<\/p>\n\n<p><\/p>\n\n<p><\/p>\n\n<figure class=\"wp-block-gallery has-nested-images columns-default is-cropped wp-block-gallery-3 is-layout-flex wp-block-gallery-is-layout-flex\">\n<figure class=\"wp-block-image size-large\"><img data-recalc-dims=\"1\" loading=\"lazy\" decoding=\"async\" width=\"1024\" height=\"683\" data-id=\"166782\" src=\"https:\/\/i0.wp.com\/www.claret.org\/wp-content\/uploads\/2024\/06\/IMG_0272.jpg?resize=1024%2C683&#038;ssl=1\" alt=\"\" class=\"wp-image-166782\" title=\"\" srcset=\"https:\/\/www.claret.org\/wp-content\/uploads\/2024\/06\/IMG_0272-980x653.jpg 980w, https:\/\/www.claret.org\/wp-content\/uploads\/2024\/06\/IMG_0272-480x320.jpg 480w\" sizes=\"(min-width: 0px) and (max-width: 480px) 480px, (min-width: 481px) and (max-width: 980px) 980px, (min-width: 981px) 1024px, 100vw\" \/><\/figure>\n\n\n\n<figure class=\"wp-block-image size-large\"><img data-recalc-dims=\"1\" loading=\"lazy\" decoding=\"async\" width=\"1024\" height=\"683\" data-id=\"166788\" src=\"https:\/\/i0.wp.com\/www.claret.org\/wp-content\/uploads\/2024\/06\/IMG_0301.jpg?resize=1024%2C683&#038;ssl=1\" alt=\"\" class=\"wp-image-166788\" title=\"\" srcset=\"https:\/\/www.claret.org\/wp-content\/uploads\/2024\/06\/IMG_0301-980x653.jpg 980w, https:\/\/www.claret.org\/wp-content\/uploads\/2024\/06\/IMG_0301-480x320.jpg 480w\" sizes=\"(min-width: 0px) and (max-width: 480px) 480px, (min-width: 481px) and (max-width: 980px) 980px, (min-width: 981px) 1024px, 100vw\" \/><\/figure>\n\n\n\n<figure class=\"wp-block-image size-large\"><img data-recalc-dims=\"1\" loading=\"lazy\" decoding=\"async\" width=\"1024\" height=\"683\" data-id=\"166776\" src=\"https:\/\/i0.wp.com\/www.claret.org\/wp-content\/uploads\/2024\/06\/IMG_0291.jpg?resize=1024%2C683&#038;ssl=1\" alt=\"\" class=\"wp-image-166776\" title=\"\" srcset=\"https:\/\/www.claret.org\/wp-content\/uploads\/2024\/06\/IMG_0291-980x653.jpg 980w, https:\/\/www.claret.org\/wp-content\/uploads\/2024\/06\/IMG_0291-480x320.jpg 480w\" sizes=\"(min-width: 0px) and (max-width: 480px) 480px, (min-width: 481px) and (max-width: 980px) 980px, (min-width: 981px) 1024px, 100vw\" \/><\/figure>\n<\/figure>\n\n<p><\/p>\n\n<p><\/p>\n\n<p><p><strong>Prov\u00edncia do Nordeste da \u00cdndia<\/strong><\/p><\/p>\n\n<p>Seis estudantes, Bhakupar Shadap, Chunjanglung James Gangmei, Charles Murmu, Hemant Toppo, Kyrshanbok Pohchen, Teiborlang Malngiang fizeram a profiss\u00e3o perp\u00e9tua na Congrega\u00e7\u00e3o; tr\u00eas estudantes, Joni Syngkli, Jhan Miki Phawa e Paulus Suphai fizeram sua primeira profiss\u00e3o; e tr\u00eas outros renovaram seus votos. Pe. Joseph Mappilaparambil, CMF, Superior Provincial, presidiu a celebra\u00e7\u00e3o, acompanhado por outros membros do Conselho Provincial, irm\u00e3os claretianos e sacerdotes de outras congrega\u00e7\u00f5es religiosas. Estiveram presentes pais, parentes, amigos, fi\u00e9is e simpatizantes.<\/p>\n\n<p><\/p>\n\n<p><\/p>\n\n<figure class=\"wp-block-gallery has-nested-images columns-default is-cropped wp-block-gallery-4 is-layout-flex wp-block-gallery-is-layout-flex\">\n<figure class=\"wp-block-image size-large\"><img data-recalc-dims=\"1\" loading=\"lazy\" decoding=\"async\" width=\"1024\" height=\"683\" data-id=\"166796\" src=\"https:\/\/i0.wp.com\/www.claret.org\/wp-content\/uploads\/2024\/06\/20240531082413_IMG_9778.jpg?resize=1024%2C683&#038;ssl=1\" alt=\"\" class=\"wp-image-166796\" title=\"\" srcset=\"https:\/\/www.claret.org\/wp-content\/uploads\/2024\/06\/20240531082413_IMG_9778-980x653.jpg 980w, https:\/\/www.claret.org\/wp-content\/uploads\/2024\/06\/20240531082413_IMG_9778-480x320.jpg 480w\" sizes=\"(min-width: 0px) and (max-width: 480px) 480px, (min-width: 481px) and (max-width: 980px) 980px, (min-width: 981px) 1024px, 100vw\" \/><\/figure>\n\n\n\n<figure class=\"wp-block-image size-large\"><img data-recalc-dims=\"1\" loading=\"lazy\" decoding=\"async\" width=\"1024\" height=\"683\" data-id=\"166794\" src=\"https:\/\/i0.wp.com\/www.claret.org\/wp-content\/uploads\/2024\/06\/20240531084051_IMG_9810.jpg?resize=1024%2C683&#038;ssl=1\" alt=\"\" class=\"wp-image-166794\" title=\"\" srcset=\"https:\/\/www.claret.org\/wp-content\/uploads\/2024\/06\/20240531084051_IMG_9810-980x653.jpg 980w, https:\/\/www.claret.org\/wp-content\/uploads\/2024\/06\/20240531084051_IMG_9810-480x320.jpg 480w\" sizes=\"(min-width: 0px) and (max-width: 480px) 480px, (min-width: 481px) and (max-width: 980px) 980px, (min-width: 981px) 1024px, 100vw\" \/><\/figure>\n\n\n\n<figure class=\"wp-block-image size-large\"><img data-recalc-dims=\"1\" loading=\"lazy\" decoding=\"async\" width=\"1024\" height=\"768\" data-id=\"166806\" src=\"https:\/\/i0.wp.com\/www.claret.org\/wp-content\/uploads\/2024\/06\/IMG20240531202635.jpg?resize=1024%2C768&#038;ssl=1\" alt=\"\" class=\"wp-image-166806\" title=\"\" srcset=\"https:\/\/www.claret.org\/wp-content\/uploads\/2024\/06\/IMG20240531202635-980x735.jpg 980w, https:\/\/www.claret.org\/wp-content\/uploads\/2024\/06\/IMG20240531202635-480x360.jpg 480w\" sizes=\"(min-width: 0px) and (max-width: 480px) 480px, (min-width: 481px) and (max-width: 980px) 980px, (min-width: 981px) 1024px, 100vw\" \/><\/figure>\n<\/figure>\n\n<p><\/p>\n\n<p><\/p>\n\n<p><p><strong>Prov\u00edncia de Chennai<\/strong><\/p><\/p>\n\n<p>Nove estudantes fizeram a primeira profiss\u00e3o e tr\u00eas outros fizeram a profiss\u00e3o perp\u00e9tua.<\/p>\n\n<p><\/p>\n\n<p><\/p>\n\n<figure class=\"wp-block-gallery has-nested-images columns-default is-cropped wp-block-gallery-5 is-layout-flex wp-block-gallery-is-layout-flex\">\n<figure class=\"wp-block-image size-large\"><img data-recalc-dims=\"1\" loading=\"lazy\" decoding=\"async\" width=\"1024\" height=\"498\" data-id=\"166812\" src=\"https:\/\/i0.wp.com\/www.claret.org\/wp-content\/uploads\/2024\/06\/WhatsApp-Image-2024-06-01-at-12.48.38_3c7824de.jpg?resize=1024%2C498&#038;ssl=1\" alt=\"\" class=\"wp-image-166812\" title=\"\" srcset=\"https:\/\/www.claret.org\/wp-content\/uploads\/2024\/06\/WhatsApp-Image-2024-06-01-at-12.48.38_3c7824de-1024x498.jpg 1024w, https:\/\/www.claret.org\/wp-content\/uploads\/2024\/06\/WhatsApp-Image-2024-06-01-at-12.48.38_3c7824de-980x476.jpg 980w, https:\/\/www.claret.org\/wp-content\/uploads\/2024\/06\/WhatsApp-Image-2024-06-01-at-12.48.38_3c7824de-480x233.jpg 480w\" sizes=\"(min-width: 0px) and (max-width: 480px) 480px, (min-width: 481px) and (max-width: 980px) 980px, (min-width: 981px) 1024px, 100vw\" \/><\/figure>\n\n\n\n<figure class=\"wp-block-image size-large\"><img data-recalc-dims=\"1\" loading=\"lazy\" decoding=\"async\" width=\"1024\" height=\"498\" data-id=\"166818\" src=\"https:\/\/i0.wp.com\/www.claret.org\/wp-content\/uploads\/2024\/06\/WhatsApp-Image-2024-06-01-at-12.48.59_146c19c7.jpg?resize=1024%2C498&#038;ssl=1\" alt=\"\" class=\"wp-image-166818\" title=\"\" srcset=\"https:\/\/www.claret.org\/wp-content\/uploads\/2024\/06\/WhatsApp-Image-2024-06-01-at-12.48.59_146c19c7-1024x498.jpg 1024w, https:\/\/www.claret.org\/wp-content\/uploads\/2024\/06\/WhatsApp-Image-2024-06-01-at-12.48.59_146c19c7-980x476.jpg 980w, https:\/\/www.claret.org\/wp-content\/uploads\/2024\/06\/WhatsApp-Image-2024-06-01-at-12.48.59_146c19c7-480x233.jpg 480w\" sizes=\"(min-width: 0px) and (max-width: 480px) 480px, (min-width: 481px) and (max-width: 980px) 980px, (min-width: 981px) 1024px, 100vw\" \/><\/figure>\n<\/figure>\n\n<p><\/p>\n","protected":false},"excerpt":{"rendered":"<p>No dia 31 de maio de 2024, Festa da Visita\u00e7\u00e3o da Bem-Aventurada Virgem Maria, os Organismos Claretianos da \u00cdndia celebraram e testemunharam profiss\u00f5es e renova\u00e7\u00f5es. Prov\u00edncia de St. Thomas Numa solene celebra\u00e7\u00e3o eucar\u00edstica presidida pelo Pe. Siby Njavallikunnel CMF, Superior Provincial, os estudantes John Kodackanal, Tojit Pallipurathu e Ajin Pottananiyil emitiram a profiss\u00e3o perp\u00e9tua e [&hellip;]<\/p>\n","protected":false},"author":69,"featured_media":166828,"comment_status":"closed","ping_status":"closed","sticky":false,"template":"","format":"standard","meta":{"_et_pb_use_builder":"","_et_pb_old_content":"","_et_gb_content_width":"","footnotes":""},"categories":[222,235,230,501,241,579,250],"tags":[],"class_list":["post-166964","post","type-post","status-publish","format-standard","has-post-thumbnail","hentry","category-bangalore-pt-pt","category-kolkata-pt-pt","category-chennai-pt-pt","category-formacao","category-northeast-india-pt-pt","category-profissoes","category-st-thomas-pt-pt"],"jetpack_featured_media_url":"https:\/\/i0.wp.com\/www.claret.org\/wp-content\/uploads\/2024\/06\/First-Profession-BANG-2.jpg?fit=2701%2C1347&ssl=1","jetpack_sharing_enabled":true,"jetpack_shortlink":"https:\/\/wp.me\/pdaBmi-HqY","jetpack_likes_enabled":true,"_links":{"self":[{"href":"https:\/\/www.claret.org\/pt-pt\/wp-json\/wp\/v2\/posts\/166964","targetHints":{"allow":["GET"]}}],"collection":[{"href":"https:\/\/www.claret.org\/pt-pt\/wp-json\/wp\/v2\/posts"}],"about":[{"href":"https:\/\/www.claret.org\/pt-pt\/wp-json\/wp\/v2\/types\/post"}],"author":[{"embeddable":true,"href":"https:\/\/www.claret.org\/pt-pt\/wp-json\/wp\/v2\/users\/69"}],"replies":[{"embeddable":true,"href":"https:\/\/www.claret.org\/pt-pt\/wp-json\/wp\/v2\/comments?post=166964"}],"version-history":[{"count":0,"href":"https:\/\/www.claret.org\/pt-pt\/wp-json\/wp\/v2\/posts\/166964\/revisions"}],"wp:featuredmedia":[{"embeddable":true,"href":"https:\/\/www.claret.org\/pt-pt\/wp-json\/wp\/v2\/media\/166828"}],"wp:attachment":[{"href":"https:\/\/www.claret.org\/pt-pt\/wp-json\/wp\/v2\/media?parent=166964"}],"wp:term":[{"taxonomy":"category","embeddable":true,"href":"https:\/\/www.claret.org\/pt-pt\/wp-json\/wp\/v2\/categories?post=166964"},{"taxonomy":"post_tag","embeddable":true,"href":"https:\/\/www.claret.org\/pt-pt\/wp-json\/wp\/v2\/tags?post=166964"}],"curies":[{"name":"wp","href":"https:\/\/api.w.org\/{rel}","templated":true}]}}