{"id":167355,"date":"2024-06-10T10:39:53","date_gmt":"2024-06-10T08:39:53","guid":{"rendered":"https:\/\/www.claret.org\/claretianos-na-coreia-celebram-retiro-anual-e-o-175o-aniversario-da-congregacao\/"},"modified":"2024-06-11T16:05:01","modified_gmt":"2024-06-11T14:05:01","slug":"claretianos-na-coreia-celebram-retiro-anual-e-o-175o-aniversario-da-congregacao","status":"publish","type":"post","link":"https:\/\/www.claret.org\/pt-pt\/claretianos-na-coreia-celebram-retiro-anual-e-o-175o-aniversario-da-congregacao\/","title":{"rendered":"Claretianos na Coreia celebram retiro anual e o 175\u00ba anivers\u00e1rio da Congrega\u00e7\u00e3o"},"content":{"rendered":"\n<p class=\"has-drop-cap\"><p><strong>Nampyeong, Coreia.<\/strong> Os Claretianos na Coreia realizaram uma celebra\u00e7\u00e3o dupla de 3 a 8 de junho de 2024, marcando o seu Retiro Anual ao lado do 175\u00ba Anivers\u00e1rio da Funda\u00e7\u00e3o da Congrega\u00e7\u00e3o, em Nampyeong, Coreia. O retiro serviu como um momento de partilha fraterna e de explora\u00e7\u00e3o profunda da identidade claretiana, guiado por dez irm\u00e3os claretianos que conduziram discuss\u00f5es sobre dois temas por dia. Com o tema \u201cIdentidade de um Mission\u00e1rio Claretiano\u201d, o retiro foi dedicado a proporcionar uma aut\u00eantica experi\u00eancia claretiana.<\/p><\/p>\n\n<p>A segunda parte da celebra\u00e7\u00e3o centrou-se no 175\u00ba anivers\u00e1rio da funda\u00e7\u00e3o da congrega\u00e7\u00e3o. Os eventos inclu\u00edram uma Missa. Durante a Missa, o Superior da Delega\u00e7\u00e3o distribuiu a Cruz Claretiana. Este significativo evento culminar\u00e1 em julho com uma s\u00e9rie de celebra\u00e7\u00f5es envolvendo benfeitores e amigos. Durante o encontro final, haver\u00e1 palestras sobre temas claretianos e apresenta\u00e7\u00f5es, incluindo v\u00eddeos e slides em PowerPoint, destacando a presen\u00e7a claretiana em todo o mundo. Brindes comemorativos do 175\u00ba anivers\u00e1rio tamb\u00e9m ser\u00e3o distribu\u00eddos aos participantes.<\/p>\n\n<p>Sebastian Eruvelikunnel, CMF, Delega\u00e7\u00e3o Independente da Coreia, respons\u00e1vel pela Comunica\u00e7\u00e3o.<\/p>\n\n<p><\/p>\n\n<p><\/p>\n\n<figure class=\"wp-block-gallery has-nested-images columns-default is-cropped wp-block-gallery-1 is-layout-flex wp-block-gallery-is-layout-flex\">\n<figure class=\"wp-block-image size-large\"><img data-recalc-dims=\"1\" loading=\"lazy\" decoding=\"async\" width=\"768\" height=\"1024\" data-id=\"167216\" src=\"https:\/\/i0.wp.com\/www.claret.org\/wp-content\/uploads\/2024\/06\/Korea-assembly-and-retreat-May-2024-3.jpg?resize=768%2C1024&#038;ssl=1\" alt=\"\" class=\"wp-image-167216\" title=\"\"><\/figure>\n\n\n\n<figure class=\"wp-block-image size-large\"><img data-recalc-dims=\"1\" loading=\"lazy\" decoding=\"async\" width=\"768\" height=\"1024\" data-id=\"167214\" src=\"https:\/\/i0.wp.com\/www.claret.org\/wp-content\/uploads\/2024\/06\/Korea-assembly-and-retreat-May-2024-4.jpg?resize=768%2C1024&#038;ssl=1\" alt=\"\" class=\"wp-image-167214\" title=\"\"><\/figure>\n\n\n\n<figure class=\"wp-block-image size-large\"><img data-recalc-dims=\"1\" loading=\"lazy\" decoding=\"async\" width=\"768\" height=\"1024\" data-id=\"167215\" src=\"https:\/\/i0.wp.com\/www.claret.org\/wp-content\/uploads\/2024\/06\/Korea-assembly-and-retreat-May-2024-5.jpg?resize=768%2C1024&#038;ssl=1\" alt=\"\" class=\"wp-image-167215\" title=\"\"><\/figure>\n\n\n\n<figure class=\"wp-block-image size-large\"><img data-recalc-dims=\"1\" loading=\"lazy\" decoding=\"async\" width=\"1024\" height=\"768\" data-id=\"167222\" src=\"https:\/\/i0.wp.com\/www.claret.org\/wp-content\/uploads\/2024\/06\/Korea-assembly-and-retreat-May-2024-9.jpg?resize=1024%2C768&#038;ssl=1\" alt=\"\" class=\"wp-image-167222\" title=\"\" srcset=\"https:\/\/www.claret.org\/wp-content\/uploads\/2024\/06\/Korea-assembly-and-retreat-May-2024-9-980x735.jpg 980w, https:\/\/www.claret.org\/wp-content\/uploads\/2024\/06\/Korea-assembly-and-retreat-May-2024-9-480x360.jpg 480w\" sizes=\"(min-width: 0px) and (max-width: 480px) 480px, (min-width: 481px) and (max-width: 980px) 980px, (min-width: 981px) 1024px, 100vw\" \/><\/figure>\n<\/figure>\n","protected":false},"excerpt":{"rendered":"<p>Nampyeong, Coreia. Os Claretianos na Coreia realizaram uma celebra\u00e7\u00e3o dupla de 3 a 8 de junho de 2024, marcando o seu Retiro Anual ao lado do 175\u00ba Anivers\u00e1rio da Funda\u00e7\u00e3o da Congrega\u00e7\u00e3o, em Nampyeong, Coreia. O retiro serviu como um momento de partilha fraterna e de explora\u00e7\u00e3o profunda da identidade claretiana, guiado por dez irm\u00e3os [&hellip;]<\/p>\n","protected":false},"author":69,"featured_media":167232,"comment_status":"closed","ping_status":"closed","sticky":false,"template":"","format":"standard","meta":{"_et_pb_use_builder":"","_et_pb_old_content":"","_et_gb_content_width":"","footnotes":""},"categories":[207],"tags":[],"class_list":["post-167355","post","type-post","status-publish","format-standard","has-post-thumbnail","hentry","category-korea-pt-pt"],"jetpack_featured_media_url":"https:\/\/i0.wp.com\/www.claret.org\/wp-content\/uploads\/2024\/06\/Korea-assembly-and-retreat-May-2024-7.jpg?fit=1440%2C968&ssl=1","jetpack_sharing_enabled":true,"jetpack_shortlink":"https:\/\/wp.me\/pdaBmi-Hxh","jetpack_likes_enabled":true,"_links":{"self":[{"href":"https:\/\/www.claret.org\/pt-pt\/wp-json\/wp\/v2\/posts\/167355","targetHints":{"allow":["GET"]}}],"collection":[{"href":"https:\/\/www.claret.org\/pt-pt\/wp-json\/wp\/v2\/posts"}],"about":[{"href":"https:\/\/www.claret.org\/pt-pt\/wp-json\/wp\/v2\/types\/post"}],"author":[{"embeddable":true,"href":"https:\/\/www.claret.org\/pt-pt\/wp-json\/wp\/v2\/users\/69"}],"replies":[{"embeddable":true,"href":"https:\/\/www.claret.org\/pt-pt\/wp-json\/wp\/v2\/comments?post=167355"}],"version-history":[{"count":0,"href":"https:\/\/www.claret.org\/pt-pt\/wp-json\/wp\/v2\/posts\/167355\/revisions"}],"wp:featuredmedia":[{"embeddable":true,"href":"https:\/\/www.claret.org\/pt-pt\/wp-json\/wp\/v2\/media\/167232"}],"wp:attachment":[{"href":"https:\/\/www.claret.org\/pt-pt\/wp-json\/wp\/v2\/media?parent=167355"}],"wp:term":[{"taxonomy":"category","embeddable":true,"href":"https:\/\/www.claret.org\/pt-pt\/wp-json\/wp\/v2\/categories?post=167355"},{"taxonomy":"post_tag","embeddable":true,"href":"https:\/\/www.claret.org\/pt-pt\/wp-json\/wp\/v2\/tags?post=167355"}],"curies":[{"name":"wp","href":"https:\/\/api.w.org\/{rel}","templated":true}]}}