{"id":172188,"date":"2024-10-20T19:05:50","date_gmt":"2024-10-20T17:05:50","guid":{"rendered":"https:\/\/www.claret.org\/jovens-missionarios-aprofundam-fraternidade-e-lideranca-em-encontro-na-bolivia\/"},"modified":"2024-10-21T15:41:37","modified_gmt":"2024-10-21T13:41:37","slug":"jovens-missionarios-aprofundam-fraternidade-e-lideranca-em-encontro-na-bolivia","status":"publish","type":"post","link":"https:\/\/www.claret.org\/pt-pt\/jovens-missionarios-aprofundam-fraternidade-e-lideranca-em-encontro-na-bolivia\/","title":{"rendered":"Jovens mission\u00e1rios aprofundam Fraternidade e Lideran\u00e7a em Encontro na Bol\u00edvia"},"content":{"rendered":"\n<p class=\"has-drop-cap\"><p><strong>Tarata, Bol\u00edvia<\/strong>. De 14 a 17 de outubro de 2024, um encontro de jovens mission\u00e1rios da Prov\u00edncia Peru-Bol\u00edvia ocorreu no Convento Franciscano de San Severino em Tarata, Bol\u00edvia. Organizado em conjunto pelas Prefeituras de Forma\u00e7\u00e3o e Espiritualidade, este evento proporcionou um espa\u00e7o maravilhoso para a fraternidade e escuta profunda. Os participantes compartilharam suas profundas experi\u00eancias mission\u00e1rias, com foco na sinergia pessoal e comunit\u00e1ria. Eles exploraram temas como valores, sua voca\u00e7\u00e3o como mission\u00e1rios claretianos, escuta ativa, criatividade e lideran\u00e7a, tudo em um contexto sinodal. O workshop foi facilitado por Mabel Magallanes e Wilfredo Enciso, com Joseph Kalakkal, CMF, acompanhando o grupo. O encontro foi conclu\u00eddo com uma viagem de integra\u00e7\u00e3o ao Parque Nacional Toro Toro.<\/p><\/p>\n\n<figure class=\"wp-block-image size-large\"><img data-recalc-dims=\"1\" loading=\"lazy\" decoding=\"async\" width=\"1024\" height=\"768\" src=\"https:\/\/i0.wp.com\/www.claret.org\/wp-content\/uploads\/2024\/10\/4-1.jpg?resize=1024%2C768&#038;ssl=1\" alt=\"\" class=\"wp-image-172166\" title=\"\" srcset=\"https:\/\/www.claret.org\/wp-content\/uploads\/2024\/10\/4-1-980x735.jpg 980w, https:\/\/www.claret.org\/wp-content\/uploads\/2024\/10\/4-1-480x360.jpg 480w\" sizes=\"(min-width: 0px) and (max-width: 480px) 480px, (min-width: 481px) and (max-width: 980px) 980px, (min-width: 981px) 1024px, 100vw\" \/><\/figure>\n\n<figure class=\"wp-block-gallery has-nested-images columns-default is-cropped wp-block-gallery-1 is-layout-flex wp-block-gallery-is-layout-flex\">\n<figure class=\"wp-block-image size-large\"><img data-recalc-dims=\"1\" loading=\"lazy\" decoding=\"async\" width=\"768\" height=\"1024\" data-id=\"172148\" src=\"https:\/\/i0.wp.com\/www.claret.org\/wp-content\/uploads\/2024\/10\/2.jpg?resize=768%2C1024&#038;ssl=1\" alt=\"\" class=\"wp-image-172148\" title=\"\"><\/figure>\n\n\n\n<figure class=\"wp-block-image size-large\"><img data-recalc-dims=\"1\" loading=\"lazy\" decoding=\"async\" width=\"1024\" height=\"768\" data-id=\"172160\" src=\"https:\/\/i0.wp.com\/www.claret.org\/wp-content\/uploads\/2024\/10\/5.jpg?resize=1024%2C768&#038;ssl=1\" alt=\"\" class=\"wp-image-172160\" title=\"\" srcset=\"https:\/\/www.claret.org\/wp-content\/uploads\/2024\/10\/5-980x735.jpg 980w, https:\/\/www.claret.org\/wp-content\/uploads\/2024\/10\/5-480x360.jpg 480w\" sizes=\"(min-width: 0px) and (max-width: 480px) 480px, (min-width: 481px) and (max-width: 980px) 980px, (min-width: 981px) 1024px, 100vw\" \/><\/figure>\n\n\n\n<figure class=\"wp-block-image size-large\"><img data-recalc-dims=\"1\" loading=\"lazy\" decoding=\"async\" width=\"1024\" height=\"768\" data-id=\"172136\" src=\"https:\/\/i0.wp.com\/www.claret.org\/wp-content\/uploads\/2024\/10\/9-1.jpg?resize=1024%2C768&#038;ssl=1\" alt=\"\" class=\"wp-image-172136\" title=\"\" srcset=\"https:\/\/www.claret.org\/wp-content\/uploads\/2024\/10\/9-1-980x735.jpg 980w, https:\/\/www.claret.org\/wp-content\/uploads\/2024\/10\/9-1-480x360.jpg 480w\" sizes=\"(min-width: 0px) and (max-width: 480px) 480px, (min-width: 481px) and (max-width: 980px) 980px, (min-width: 981px) 1024px, 100vw\" \/><\/figure>\n\n\n\n<figure class=\"wp-block-image size-large\"><img data-recalc-dims=\"1\" loading=\"lazy\" decoding=\"async\" width=\"768\" height=\"1024\" data-id=\"172142\" src=\"https:\/\/i0.wp.com\/www.claret.org\/wp-content\/uploads\/2024\/10\/20-1.jpg?resize=768%2C1024&#038;ssl=1\" alt=\"\" class=\"wp-image-172142\" title=\"\"><\/figure>\n\n\n\n<figure class=\"wp-block-image size-large\"><img data-recalc-dims=\"1\" loading=\"lazy\" decoding=\"async\" width=\"1024\" height=\"768\" data-id=\"172154\" src=\"https:\/\/i0.wp.com\/www.claret.org\/wp-content\/uploads\/2024\/10\/24.jpg?resize=1024%2C768&#038;ssl=1\" alt=\"\" class=\"wp-image-172154\" title=\"\" srcset=\"https:\/\/www.claret.org\/wp-content\/uploads\/2024\/10\/24-980x735.jpg 980w, https:\/\/www.claret.org\/wp-content\/uploads\/2024\/10\/24-480x360.jpg 480w\" sizes=\"(min-width: 0px) and (max-width: 480px) 480px, (min-width: 481px) and (max-width: 980px) 980px, (min-width: 981px) 1024px, 100vw\" \/><\/figure>\n<\/figure>\n","protected":false},"excerpt":{"rendered":"<p>Tarata, Bol\u00edvia. De 14 a 17 de outubro de 2024, um encontro de jovens mission\u00e1rios da Prov\u00edncia Peru-Bol\u00edvia ocorreu no Convento Franciscano de San Severino em Tarata, Bol\u00edvia. Organizado em conjunto pelas Prefeituras de Forma\u00e7\u00e3o e Espiritualidade, este evento proporcionou um espa\u00e7o maravilhoso para a fraternidade e escuta profunda. Os participantes compartilharam suas profundas experi\u00eancias [&hellip;]<\/p>\n","protected":false},"author":1009,"featured_media":172092,"comment_status":"closed","ping_status":"closed","sticky":false,"template":"","format":"standard","meta":{"_et_pb_use_builder":"","_et_pb_old_content":"","_et_gb_content_width":"","footnotes":""},"categories":[624,388],"tags":[5340,5341],"class_list":["post-172188","post","type-post","status-publish","format-standard","has-post-thumbnail","hentry","category-formacao-permanente","category-peru-bolivia-pt-pt","tag-formacao","tag-jovens-missionarios"],"jetpack_featured_media_url":"https:\/\/i0.wp.com\/www.claret.org\/wp-content\/uploads\/2024\/10\/22-scaled-e1729442757636.jpg?fit=2880%2C2160&ssl=1","jetpack_sharing_enabled":true,"jetpack_shortlink":"https:\/\/wp.me\/pdaBmi-INe","jetpack_likes_enabled":true,"_links":{"self":[{"href":"https:\/\/www.claret.org\/pt-pt\/wp-json\/wp\/v2\/posts\/172188","targetHints":{"allow":["GET"]}}],"collection":[{"href":"https:\/\/www.claret.org\/pt-pt\/wp-json\/wp\/v2\/posts"}],"about":[{"href":"https:\/\/www.claret.org\/pt-pt\/wp-json\/wp\/v2\/types\/post"}],"author":[{"embeddable":true,"href":"https:\/\/www.claret.org\/pt-pt\/wp-json\/wp\/v2\/users\/1009"}],"replies":[{"embeddable":true,"href":"https:\/\/www.claret.org\/pt-pt\/wp-json\/wp\/v2\/comments?post=172188"}],"version-history":[{"count":0,"href":"https:\/\/www.claret.org\/pt-pt\/wp-json\/wp\/v2\/posts\/172188\/revisions"}],"wp:featuredmedia":[{"embeddable":true,"href":"https:\/\/www.claret.org\/pt-pt\/wp-json\/wp\/v2\/media\/172092"}],"wp:attachment":[{"href":"https:\/\/www.claret.org\/pt-pt\/wp-json\/wp\/v2\/media?parent=172188"}],"wp:term":[{"taxonomy":"category","embeddable":true,"href":"https:\/\/www.claret.org\/pt-pt\/wp-json\/wp\/v2\/categories?post=172188"},{"taxonomy":"post_tag","embeddable":true,"href":"https:\/\/www.claret.org\/pt-pt\/wp-json\/wp\/v2\/tags?post=172188"}],"curies":[{"name":"wp","href":"https:\/\/api.w.org\/{rel}","templated":true}]}}