{"id":175833,"date":"2024-12-27T12:58:22","date_gmt":"2024-12-27T11:58:22","guid":{"rendered":"https:\/\/www.claret.org\/missionarios-claretianos-celebram-50-anos-de-presenca-no-gabao\/"},"modified":"2025-01-03T21:06:18","modified_gmt":"2025-01-03T20:06:18","slug":"missionarios-claretianos-celebram-50-anos-de-presenca-no-gabao","status":"publish","type":"post","link":"https:\/\/www.claret.org\/pt-pt\/missionarios-claretianos-celebram-50-anos-de-presenca-no-gabao\/","title":{"rendered":"Mission\u00e1rios Claretianos Celebram 50 Anos de Presen\u00e7a no Gab\u00e3o"},"content":{"rendered":"\n<p class=\"has-drop-cap\"><p><strong>Franceville, Gab\u00e3o.<\/strong> De 19 a 21 de dezembro de 2024, a Delega\u00e7\u00e3o Padre Xifr\u00e9 concluiu as celebra\u00e7\u00f5es do Jubileu de Ouro marcando 50 anos de presen\u00e7a Mission\u00e1ria Claretiana no Gab\u00e3o.<\/p><\/p>\n\n<p>O Jubileu, inaugurado em 2 de dezembro de 2023, na Catedral de S\u00e3o Carlos Lwanga em Oyem, terminou na Catedral de Franceville, o local de nascimento do minist\u00e9rio claretiano no Gab\u00e3o. O evento de tr\u00eas dias contou com v\u00e9speras solenes, uma confer\u00eancia, uma apresenta\u00e7\u00e3o em v\u00eddeo contando a hist\u00f3ria dos claretianos no Gab\u00e3o e uma missa de A\u00e7\u00e3o de Gra\u00e7as presidida por Sua Excel\u00eancia D. Ephrem Ndjoni, Bispo de Franceville.<\/p>\n\n<p>A Missa contou com a participa\u00e7\u00e3o do Superior Maior da Delega\u00e7\u00e3o Padre Xifr\u00e9, Pe. F\u00e9lix Obaga Bilogo, CMF, Mission\u00e1rios Claretianos de vilas pr\u00f3ximas, Pe. Renato Caprioli, CMF, representando a Prov\u00edncia Sanctus Paulus, e mission\u00e1rios de Libreville, Bata e Malabo. O clero diocesano, as Irm\u00e3s Claretianas e fi\u00e9is leigos tamb\u00e9m se juntaram \u00e0s celebra\u00e7\u00f5es.<\/p>\n\n<p>Em sua homilia, o Bispo Ndjoni expressou profunda gratid\u00e3o pelos 50 anos de evangeliza\u00e7\u00e3o dos Claretianos e destacou testemunhos de mission\u00e1rios que serviram no Gab\u00e3o. Durante a missa, o secret\u00e1rio da delega\u00e7\u00e3o leu uma mensagem do Superior Geral da Congrega\u00e7\u00e3o, estendendo felicita\u00e7\u00f5es e b\u00ean\u00e7\u00e3os.<\/p>\n\n<p>O evento foi encerrado com ora\u00e7\u00f5es de agradecimento a Deus pela Congrega\u00e7\u00e3o Claretiana, o dom da voca\u00e7\u00e3o e o minist\u00e9rio frut\u00edfero realizado ao longo de cinco d\u00e9cadas no Gab\u00e3o.<\/p>\n\n<p><p><strong>Fonte:<\/strong> <em>Axel YOLANDA, CMF, Secret\u00e1rio da Delega\u00e7\u00e3o Padre Xifr\u00e9<\/em>.<\/p><\/p>\n\n<p><\/p>\n\n<figure class=\"wp-block-gallery has-nested-images columns-default is-cropped wp-block-gallery-1 is-layout-flex wp-block-gallery-is-layout-flex\">\n<figure class=\"wp-block-image size-large\"><img data-recalc-dims=\"1\" loading=\"lazy\" decoding=\"async\" width=\"1024\" height=\"473\" data-id=\"175652\" src=\"https:\/\/i0.wp.com\/www.claret.org\/wp-content\/uploads\/2024\/12\/2024-12-21-Jubilee-P.-Xifre-4-2.jpg?resize=1024%2C473&#038;ssl=1\" alt=\"\" class=\"wp-image-175652\" title=\"\" srcset=\"https:\/\/www.claret.org\/wp-content\/uploads\/2024\/12\/2024-12-21-Jubilee-P.-Xifre-4-2-980x453.jpg 980w, https:\/\/www.claret.org\/wp-content\/uploads\/2024\/12\/2024-12-21-Jubilee-P.-Xifre-4-2-480x222.jpg 480w\" sizes=\"(min-width: 0px) and (max-width: 480px) 480px, (min-width: 481px) and (max-width: 980px) 980px, (min-width: 981px) 1024px, 100vw\" \/><\/figure>\n\n\n\n<figure class=\"wp-block-image size-large\"><img data-recalc-dims=\"1\" loading=\"lazy\" decoding=\"async\" width=\"1024\" height=\"768\" data-id=\"175664\" src=\"https:\/\/i0.wp.com\/www.claret.org\/wp-content\/uploads\/2024\/12\/52024-12-21-Jubilee-P.-Xifre-6.jpg?resize=1024%2C768&#038;ssl=1\" alt=\"\" class=\"wp-image-175664\" title=\"\" srcset=\"https:\/\/www.claret.org\/wp-content\/uploads\/2024\/12\/52024-12-21-Jubilee-P.-Xifre-6-1024x768.jpg 1024w, https:\/\/www.claret.org\/wp-content\/uploads\/2024\/12\/52024-12-21-Jubilee-P.-Xifre-6-980x735.jpg 980w, https:\/\/www.claret.org\/wp-content\/uploads\/2024\/12\/52024-12-21-Jubilee-P.-Xifre-6-480x360.jpg 480w\" sizes=\"(min-width: 0px) and (max-width: 480px) 480px, (min-width: 481px) and (max-width: 980px) 980px, (min-width: 981px) 1024px, 100vw\" \/><\/figure>\n\n\n\n<figure class=\"wp-block-image size-large\"><img data-recalc-dims=\"1\" loading=\"lazy\" decoding=\"async\" width=\"1024\" height=\"473\" data-id=\"175640\" src=\"https:\/\/i0.wp.com\/www.claret.org\/wp-content\/uploads\/2024\/12\/2024-12-21-Jubilee-P.-Xifre-1.jpg?resize=1024%2C473&#038;ssl=1\" alt=\"\" class=\"wp-image-175640\" title=\"\" srcset=\"https:\/\/www.claret.org\/wp-content\/uploads\/2024\/12\/2024-12-21-Jubilee-P.-Xifre-1-980x453.jpg 980w, https:\/\/www.claret.org\/wp-content\/uploads\/2024\/12\/2024-12-21-Jubilee-P.-Xifre-1-480x222.jpg 480w\" sizes=\"(min-width: 0px) and (max-width: 480px) 480px, (min-width: 481px) and (max-width: 980px) 980px, (min-width: 981px) 1024px, 100vw\" \/><\/figure>\n\n\n\n<figure class=\"wp-block-image size-large\"><img data-recalc-dims=\"1\" loading=\"lazy\" decoding=\"async\" width=\"1024\" height=\"473\" data-id=\"175646\" src=\"https:\/\/i0.wp.com\/www.claret.org\/wp-content\/uploads\/2024\/12\/2024-12-21-Jubilee-P.-Xifre-3.jpg?resize=1024%2C473&#038;ssl=1\" alt=\"\" class=\"wp-image-175646\" title=\"\" srcset=\"https:\/\/www.claret.org\/wp-content\/uploads\/2024\/12\/2024-12-21-Jubilee-P.-Xifre-3-980x453.jpg 980w, https:\/\/www.claret.org\/wp-content\/uploads\/2024\/12\/2024-12-21-Jubilee-P.-Xifre-3-480x222.jpg 480w\" sizes=\"(min-width: 0px) and (max-width: 480px) 480px, (min-width: 481px) and (max-width: 980px) 980px, (min-width: 981px) 1024px, 100vw\" \/><\/figure>\n\n\n\n<figure class=\"wp-block-image size-large\"><img data-recalc-dims=\"1\" loading=\"lazy\" decoding=\"async\" width=\"1024\" height=\"473\" data-id=\"175658\" src=\"https:\/\/i0.wp.com\/www.claret.org\/wp-content\/uploads\/2024\/12\/52024-12-21-Jubilee-P.-Xifre-5.jpg?resize=1024%2C473&#038;ssl=1\" alt=\"\" class=\"wp-image-175658\" title=\"\" srcset=\"https:\/\/www.claret.org\/wp-content\/uploads\/2024\/12\/52024-12-21-Jubilee-P.-Xifre-5-980x453.jpg 980w, https:\/\/www.claret.org\/wp-content\/uploads\/2024\/12\/52024-12-21-Jubilee-P.-Xifre-5-480x222.jpg 480w\" sizes=\"(min-width: 0px) and (max-width: 480px) 480px, (min-width: 481px) and (max-width: 980px) 980px, (min-width: 981px) 1024px, 100vw\" \/><\/figure>\n<\/figure>\n","protected":false},"excerpt":{"rendered":"<p>Franceville, Gab\u00e3o. De 19 a 21 de dezembro de 2024, a Delega\u00e7\u00e3o Padre Xifr\u00e9 concluiu as celebra\u00e7\u00f5es do Jubileu de Ouro marcando 50 anos de presen\u00e7a Mission\u00e1ria Claretiana no Gab\u00e3o. O Jubileu, inaugurado em 2 de dezembro de 2023, na Catedral de S\u00e3o Carlos Lwanga em Oyem, terminou na Catedral de Franceville, o local de [&hellip;]<\/p>\n","protected":false},"author":1009,"featured_media":175637,"comment_status":"closed","ping_status":"closed","sticky":false,"template":"","format":"standard","meta":{"_et_pb_use_builder":"","_et_pb_old_content":"","_et_gb_content_width":"","footnotes":""},"categories":[983,170],"tags":[],"class_list":["post-175833","post","type-post","status-publish","format-standard","has-post-thumbnail","hentry","category-acla-pt-pt","category-padre-xifre-pt-pt"],"jetpack_featured_media_url":"https:\/\/i0.wp.com\/www.claret.org\/wp-content\/uploads\/2024\/12\/2024-12-21-Jubilee-P.-Xifre-2.4-scaled.jpg?fit=2880%2C1620&ssl=1","jetpack_sharing_enabled":true,"jetpack_shortlink":"https:\/\/wp.me\/pdaBmi-JK1","jetpack_likes_enabled":true,"_links":{"self":[{"href":"https:\/\/www.claret.org\/pt-pt\/wp-json\/wp\/v2\/posts\/175833","targetHints":{"allow":["GET"]}}],"collection":[{"href":"https:\/\/www.claret.org\/pt-pt\/wp-json\/wp\/v2\/posts"}],"about":[{"href":"https:\/\/www.claret.org\/pt-pt\/wp-json\/wp\/v2\/types\/post"}],"author":[{"embeddable":true,"href":"https:\/\/www.claret.org\/pt-pt\/wp-json\/wp\/v2\/users\/1009"}],"replies":[{"embeddable":true,"href":"https:\/\/www.claret.org\/pt-pt\/wp-json\/wp\/v2\/comments?post=175833"}],"version-history":[{"count":1,"href":"https:\/\/www.claret.org\/pt-pt\/wp-json\/wp\/v2\/posts\/175833\/revisions"}],"predecessor-version":[{"id":175834,"href":"https:\/\/www.claret.org\/pt-pt\/wp-json\/wp\/v2\/posts\/175833\/revisions\/175834"}],"wp:featuredmedia":[{"embeddable":true,"href":"https:\/\/www.claret.org\/pt-pt\/wp-json\/wp\/v2\/media\/175637"}],"wp:attachment":[{"href":"https:\/\/www.claret.org\/pt-pt\/wp-json\/wp\/v2\/media?parent=175833"}],"wp:term":[{"taxonomy":"category","embeddable":true,"href":"https:\/\/www.claret.org\/pt-pt\/wp-json\/wp\/v2\/categories?post=175833"},{"taxonomy":"post_tag","embeddable":true,"href":"https:\/\/www.claret.org\/pt-pt\/wp-json\/wp\/v2\/tags?post=175833"}],"curies":[{"name":"wp","href":"https:\/\/api.w.org\/{rel}","templated":true}]}}