{"id":177770,"date":"2025-03-09T06:37:22","date_gmt":"2025-03-09T05:37:22","guid":{"rendered":"https:\/\/www.claret.org\/profissoes-perpetuas-e-ordenacoes-sacerdotais-fevereiro-de-2025\/"},"modified":"2025-03-10T19:01:43","modified_gmt":"2025-03-10T18:01:43","slug":"profissoes-perpetuas-e-ordenacoes-sacerdotais-fevereiro-de-2025","status":"publish","type":"post","link":"https:\/\/www.claret.org\/pt-pt\/profissoes-perpetuas-e-ordenacoes-sacerdotais-fevereiro-de-2025\/","title":{"rendered":"Profiss\u00f5es Perp\u00e9tuas e Ordena\u00e7\u00f5es Sacerdotais \u2013 Fevereiro de 2025"},"content":{"rendered":"\n<p>Parabenizamos nossos irm\u00e3os claretianos que, em fevereiro de 2025, celebraram sua profiss\u00e3o perp\u00e9tua e ordena\u00e7\u00e3o sacerdotal em diferentes Organismos Maiores da Congrega\u00e7\u00e3o.<\/p>\n\n<h2 class=\"wp-block-heading\"><p>Profiss\u00f5es Perp\u00e9tuas<\/p><\/h2>\n\n<h3 class=\"wp-block-heading\"><p>Prov\u00edncia do Brasil<\/p><\/h3>\n\n<p>1\u00ba de fevereiro \u2013 Belo Horizonte (Brasil) \u2013 Recebido pelo Pe. Eguione Nogueira Ricardo, CMF (Superior Provincial)<\/p>\n\n<ul class=\"wp-block-list\">\n<li><strong>Felipe Jos\u00e9 Silva dos Santos, CMF<\/strong><\/li>\n\n\n\n<li><strong>Platini Lennon Correia Santos, CMF<\/strong><\/li>\n<\/ul>\n\n<h3 class=\"wp-block-heading\"><p>Delega\u00e7\u00e3o da M\u00e3e da \u00c1frica<\/p><\/h3>\n\n<p>14 de fevereiro \u2013 Huambo (Angola) \u2013 Recebido pelo Pe. Gabriel Isa\u00edas, CMF (Superior Maior)<\/p>\n\n<ul class=\"wp-block-list\">\n<li><strong>Florentino Ichevela Kaneketela, CMF<\/strong><\/li>\n\n\n\n<li><strong>Horacio Zeferino Telenge, CMF<\/strong><\/li>\n\n\n\n<li><strong>Amado de Jes\u00fas Ukelo, CMF<\/strong><\/li>\n<\/ul>\n\n<hr class=\"wp-block-separator has-alpha-channel-opacity\"\/>\n\n<h2 class=\"wp-block-heading\"><p><strong>Ordena\u00e7\u00f5es Presbiterais<\/strong><\/p><\/h2>\n\n<h3 class=\"wp-block-heading\"><p><strong>Prov\u00edncia do Brasil<\/strong><\/p><\/h3>\n\n<p>15 de fevereiro \u2013 Ribeir\u00e3o Preto (Brasil) \u2013 Ordenado pelo Bispo D. Ricardo Hoepers, Bispo Auxiliar de Bras\u00edlia e Secret\u00e1rio-Geral da CNBB<\/p>\n\n<ul class=\"wp-block-list\">\n<li><strong>J\u00falio C\u00e9sar Boiago, CMF<\/strong><\/li>\n<\/ul>\n\n<h3 class=\"wp-block-heading\"><p><strong>Delega\u00e7\u00e3o dos Camar\u00f5es<\/strong><\/p><\/h3>\n\n<p>15 de fevereiro \u2013 Akono (Camar\u00f5es) \u2013 Ordenado pelo Arcebispo D. Jean Mbarga, Arcebispo de Yaound\u00e9<\/p>\n\n<ul class=\"wp-block-list\">\n<li><strong>Simon Armel Essomba, CMF<\/strong><\/li>\n<\/ul>\n\n<h3 class=\"wp-block-heading\"><p><strong>Delega\u00e7\u00e3o da Indon\u00e9sia &#8211; Timor-Leste<\/strong><\/p><\/h3>\n\n<p>22 de fevereiro \u2013 Kupang (Indon\u00e9sia) \u2013 Ordenado pelo Arcebispo D. Hironimus Pakaenoni, Arcebispo de Kupang<\/p>\n\n<ul class=\"wp-block-list\">\n<li><strong>Gabriel Dion Klau, CMF<\/strong><\/li>\n<\/ul>\n\n<p>Que o Senhor aben\u00e7oe sua jornada mission\u00e1ria enquanto continuam a servir seu povo com esperan\u00e7a.<\/p>\n","protected":false},"excerpt":{"rendered":"<p>Parabenizamos nossos irm\u00e3os claretianos que, em fevereiro de 2025, celebraram sua profiss\u00e3o perp\u00e9tua e ordena\u00e7\u00e3o sacerdotal em diferentes Organismos Maiores da Congrega\u00e7\u00e3o. Profiss\u00f5es Perp\u00e9tuas Prov\u00edncia do Brasil 1\u00ba de fevereiro \u2013 Belo Horizonte (Brasil) \u2013 Recebido pelo Pe. Eguione Nogueira Ricardo, CMF (Superior Provincial) Delega\u00e7\u00e3o da M\u00e3e da \u00c1frica 14 de fevereiro \u2013 Huambo (Angola) [&hellip;]<\/p>\n","protected":false},"author":1009,"featured_media":177662,"comment_status":"closed","ping_status":"closed","sticky":false,"template":"","format":"standard","meta":{"_et_pb_use_builder":"","_et_pb_old_content":"","_et_gb_content_width":"","footnotes":""},"categories":[574,579],"tags":[5551],"class_list":["post-177770","post","type-post","status-publish","format-standard","has-post-thumbnail","hentry","category-ordenacoes","category-profissoes","tag-profissoes-ordenacoes"],"jetpack_featured_media_url":"https:\/\/i0.wp.com\/www.claret.org\/wp-content\/uploads\/2025\/03\/Professions-Ordinations.png?fit=1920%2C1080&ssl=1","jetpack_sharing_enabled":true,"jetpack_shortlink":"https:\/\/wp.me\/pdaBmi-Kfg","jetpack_likes_enabled":true,"_links":{"self":[{"href":"https:\/\/www.claret.org\/pt-pt\/wp-json\/wp\/v2\/posts\/177770","targetHints":{"allow":["GET"]}}],"collection":[{"href":"https:\/\/www.claret.org\/pt-pt\/wp-json\/wp\/v2\/posts"}],"about":[{"href":"https:\/\/www.claret.org\/pt-pt\/wp-json\/wp\/v2\/types\/post"}],"author":[{"embeddable":true,"href":"https:\/\/www.claret.org\/pt-pt\/wp-json\/wp\/v2\/users\/1009"}],"replies":[{"embeddable":true,"href":"https:\/\/www.claret.org\/pt-pt\/wp-json\/wp\/v2\/comments?post=177770"}],"version-history":[{"count":1,"href":"https:\/\/www.claret.org\/pt-pt\/wp-json\/wp\/v2\/posts\/177770\/revisions"}],"predecessor-version":[{"id":177771,"href":"https:\/\/www.claret.org\/pt-pt\/wp-json\/wp\/v2\/posts\/177770\/revisions\/177771"}],"wp:featuredmedia":[{"embeddable":true,"href":"https:\/\/www.claret.org\/pt-pt\/wp-json\/wp\/v2\/media\/177662"}],"wp:attachment":[{"href":"https:\/\/www.claret.org\/pt-pt\/wp-json\/wp\/v2\/media?parent=177770"}],"wp:term":[{"taxonomy":"category","embeddable":true,"href":"https:\/\/www.claret.org\/pt-pt\/wp-json\/wp\/v2\/categories?post=177770"},{"taxonomy":"post_tag","embeddable":true,"href":"https:\/\/www.claret.org\/pt-pt\/wp-json\/wp\/v2\/tags?post=177770"}],"curies":[{"name":"wp","href":"https:\/\/api.w.org\/{rel}","templated":true}]}}