{"id":178407,"date":"2025-03-25T10:48:44","date_gmt":"2025-03-25T09:48:44","guid":{"rendered":"https:\/\/www.claret.org\/erecao-canonica-da-provincia-ave-maria\/"},"modified":"2025-04-02T16:04:35","modified_gmt":"2025-04-02T14:04:35","slug":"erecao-canonica-da-provincia-ave-maria","status":"publish","type":"post","link":"https:\/\/www.claret.org\/pt-pt\/erecao-canonica-da-provincia-ave-maria\/","title":{"rendered":"Ere\u00e7\u00e3o Can\u00f4nica da Prov\u00edncia Ave Maria"},"content":{"rendered":"\n<p>Aos 25 de mar\u00e7o de 2025, o Pe. Mathew Vattamattam, CMF, Superior Geral dos Mission\u00e1rios Claretianos, assinou o decreto que eleva a Delega\u00e7\u00e3o Independente Indon\u00e9sia \u2013Timor-Leste a uma Prov\u00edncia. Doravante, ser\u00e1 conhecida como Prov\u00edncia Ave Maria.<\/p>\n\n<p>A Prov\u00edncia Ave Maria tem atualmente 111 membros professos perp\u00e9tuos, 58 estudantes e irm\u00e3os professos tempor\u00e1rios e 8 novi\u00e7os. Ela tem 19 casas e 2 resid\u00eancias na Indon\u00e9sia e Timor Leste. Enquanto a Prov\u00edncia se prepara para seu primeiro Cap\u00edtulo Provincial, os atuais l\u00edderes da Delega\u00e7\u00e3o servir\u00e3o como seu Governo Provincial.<\/p>\n\n<p class=\"has-text-align-center\"><p>Pe. Valens Agino, C.M.F.<\/p>&#13;\n<p><em>Superior Provincial<\/em><\/p>&#13;\n<p>Pe. Eugenius Paul Madoni, C.M.F.<\/p>&#13;\n<p><em>Consultor-Ec\u00f4nomo<\/em><\/p>&#13;\n<p>Pe. Kristian Paskalis Cangkung, C.M.F.<\/p>&#13;\n<p><em>Consultor<\/em><\/p>&#13;\n<p>Pe. Viktor Dody Sau Sasi, C.M.F.<\/p>&#13;\n<p><em>Consultor<\/em><\/p><\/p>\n\n<p>O territ\u00f3rio da nova Prov\u00edncia abrange a Indon\u00e9sia: Sumatra, Kalimantan, Jawa, Sulawesi, Flores, Timor Barat e Timor-Leste: D\u00edli, Bobonaro, Covalima (Suai). A C\u00faria Provincial estar\u00e1 localizada em Kupang, Jl. Claret, Matani, RT 034 \/ RW 009, Kel. Lasiana, Kec. Kelapa Lima, Kupang, NTT, 85228, (Indon\u00e9sia).<\/p>\n\n<p>A Prov\u00edncia Ave Maria pertence \u00e0 Confer\u00eancia Leste da ASCLA da Congrega\u00e7\u00e3o, que agora compreende duas Prov\u00edncias (Pe. Rhoel Gallardo, Ave Maria) e duas Delega\u00e7\u00f5es Independentes (Coreia e Leste Asi\u00e1tico). Parab\u00e9ns aos Claretianos da Prov\u00edncia Ave Maria. A Congrega\u00e7\u00e3o deseja a voc\u00eas sucesso em suas futuras atividades e esfor\u00e7os mission\u00e1rios.<\/p>\n\n<p><\/p>\n\n<figure class=\"wp-block-image size-large\"><img data-recalc-dims=\"1\" loading=\"lazy\" decoding=\"async\" width=\"1024\" height=\"768\" src=\"https:\/\/i0.wp.com\/www.claret.org\/wp-content\/uploads\/2025\/03\/2025-03-25-Canonical-Erection-Ave-Maria-Province-2.jpg?resize=1024%2C768&#038;ssl=1\" alt=\"\" class=\"wp-image-178183\" title=\"\" srcset=\"https:\/\/www.claret.org\/wp-content\/uploads\/2025\/03\/2025-03-25-Canonical-Erection-Ave-Maria-Province-2-980x735.jpg 980w, https:\/\/www.claret.org\/wp-content\/uploads\/2025\/03\/2025-03-25-Canonical-Erection-Ave-Maria-Province-2-480x360.jpg 480w\" sizes=\"(min-width: 0px) and (max-width: 480px) 480px, (min-width: 481px) and (max-width: 980px) 980px, (min-width: 981px) 1024px, 100vw\" \/><\/figure>\n","protected":false},"excerpt":{"rendered":"<p>Aos 25 de mar\u00e7o de 2025, o Pe. Mathew Vattamattam, CMF, Superior Geral dos Mission\u00e1rios Claretianos, assinou o decreto que eleva a Delega\u00e7\u00e3o Independente Indon\u00e9sia \u2013Timor-Leste a uma Prov\u00edncia. Doravante, ser\u00e1 conhecida como Prov\u00edncia Ave Maria. A Prov\u00edncia Ave Maria tem atualmente 111 membros professos perp\u00e9tuos, 58 estudantes e irm\u00e3os professos tempor\u00e1rios e 8 novi\u00e7os. [&hellip;]<\/p>\n","protected":false},"author":1009,"featured_media":178181,"comment_status":"closed","ping_status":"closed","sticky":false,"template":"","format":"standard","meta":{"_et_pb_use_builder":"","_et_pb_old_content":"","_et_gb_content_width":"","footnotes":""},"categories":[205],"tags":[],"class_list":["post-178407","post","type-post","status-publish","format-standard","has-post-thumbnail","hentry","category-ave-maria-pt"],"jetpack_featured_media_url":"https:\/\/i0.wp.com\/www.claret.org\/wp-content\/uploads\/2025\/03\/2025-03-25-Canonical-Erection-Ave-Maria-Province-1-e1742894631717.jpg?fit=889%2C550&ssl=1","jetpack_sharing_enabled":true,"jetpack_shortlink":"https:\/\/wp.me\/pdaBmi-Kpx","jetpack_likes_enabled":true,"_links":{"self":[{"href":"https:\/\/www.claret.org\/pt-pt\/wp-json\/wp\/v2\/posts\/178407","targetHints":{"allow":["GET"]}}],"collection":[{"href":"https:\/\/www.claret.org\/pt-pt\/wp-json\/wp\/v2\/posts"}],"about":[{"href":"https:\/\/www.claret.org\/pt-pt\/wp-json\/wp\/v2\/types\/post"}],"author":[{"embeddable":true,"href":"https:\/\/www.claret.org\/pt-pt\/wp-json\/wp\/v2\/users\/1009"}],"replies":[{"embeddable":true,"href":"https:\/\/www.claret.org\/pt-pt\/wp-json\/wp\/v2\/comments?post=178407"}],"version-history":[{"count":1,"href":"https:\/\/www.claret.org\/pt-pt\/wp-json\/wp\/v2\/posts\/178407\/revisions"}],"predecessor-version":[{"id":178408,"href":"https:\/\/www.claret.org\/pt-pt\/wp-json\/wp\/v2\/posts\/178407\/revisions\/178408"}],"wp:featuredmedia":[{"embeddable":true,"href":"https:\/\/www.claret.org\/pt-pt\/wp-json\/wp\/v2\/media\/178181"}],"wp:attachment":[{"href":"https:\/\/www.claret.org\/pt-pt\/wp-json\/wp\/v2\/media?parent=178407"}],"wp:term":[{"taxonomy":"category","embeddable":true,"href":"https:\/\/www.claret.org\/pt-pt\/wp-json\/wp\/v2\/categories?post=178407"},{"taxonomy":"post_tag","embeddable":true,"href":"https:\/\/www.claret.org\/pt-pt\/wp-json\/wp\/v2\/tags?post=178407"}],"curies":[{"name":"wp","href":"https:\/\/api.w.org\/{rel}","templated":true}]}}