{"id":18173,"date":"2018-05-16T00:00:55","date_gmt":"2018-05-15T22:00:55","guid":{"rendered":"https:\/\/www.claret.org\/16-maio\/"},"modified":"2018-05-16T00:00:55","modified_gmt":"2018-05-15T22:00:55","slug":"16-maio","status":"publish","type":"post","link":"https:\/\/www.claret.org\/pt-pt\/16-maio\/","title":{"rendered":"16 Maio"},"content":{"rendered":"<div class=\"field field-name-field-meditacion-cita-texto field-type-text-long field-label-hidden\">\n<div class=\"field-items\">\n<div class=\"field-item even\">O assassino foi pego em flagrante e foi levado ao c\u00e1rcere. Contra ele foi feita uma acusa\u00e7\u00e3o e o juiz o condenou \u00e0 morte, mesmo depois de eu ter declarado que o havia perdoado, como crist\u00e3o, como sacerdote e como arcebispo.<\/div>\n<\/div>\n<\/div>\n<div class=\"field field-name-field-meditacion-cita field-type-text field-label-hidden\">\n<div class=\"field-items\">\n<div class=\"field-item even\">Aut 583<\/div>\n<\/div>\n<\/div>\n<div class=\"titulo-meditacion\">\n<h2>PERD\u00c3O GENEROSO<\/h2>\n<\/div>\n<div class=\"field field-name-body field-type-text-with-summary field-label-hidden\">\n<div class=\"field-items\">\n<div class=\"field-item even\">\n<p>O autor do atentado que sofreu o Arcebispo Claret em Holgu\u00edn foi condenado \u00e0 morte. Mas \u00e9 interessante conhecer os detalhes precedentes e os que seguiram este fato. Acontece que o mesmo Claret um ano antes havia intercedido por ele, sem conhec\u00ea-lo, a pedido dos familiares, para que o libertassem do c\u00e1rcere onde se encontrava. Uma vez livre, o fac\u00ednora tramou o atentado contra o Arcebispo e o levou a efeito. Depois do atentado, condenado \u00e0 morte, alcan\u00e7ou tamb\u00e9m o indulto da pena de morte gra\u00e7as \u00e0 interven\u00e7\u00e3o de Claret e foi enviado ao pres\u00eddio de Ceuta (norte da \u00c1frica), para cumprir uma condena\u00e7\u00e3o de dez anos.<br \/>\nO Arcebispo Claret outorgou seu perd\u00e3o sem impor condi\u00e7\u00f5es a quem o queria mat\u00e1-lo. \u201cPai, perdoai-os, porque n\u00e3o sabem o que fazem\u201d, disse Jesus na cruz. Claret, identificado com Jesus Cristo, concedia seu perd\u00e3o sem restri\u00e7\u00f5es a este homem que atentou contra sua vida e a tantas outras pessoas que o odiavam e o caluniavam sem outra raz\u00e3o que a de ser um homem de Deus entregue sem tr\u00e9gua \u00e0 causa do Evangelho.<br \/>\nCertamente nem todos n\u00f3s recebemos uma navalhada no rosto, como o Arcebispo Claret. Mas todos n\u00f3s experimentamos o fio de alguma espada que nos partiu o cora\u00e7\u00e3o: uma ingratid\u00e3o, um insulto, um esquecimento, uma cal\u00fania, uma inf\u00e2mia. S\u00e3o as dores da alma com as quais devemos aprender a conviver: n\u00e3o para que sejam uma ferida aberta, mas uma ferida superada. E esta supera\u00e7\u00e3o n\u00e3o acontece por esquecimento da ofensa (isto seria negar a mem\u00f3ria, que \u00e9 dom de Deus), mas pela generosidade do perd\u00e3o. Viver sem rancor \u00e9 um dos segredos para viver feliz, apesar de certas recorda\u00e7\u00f5es amargas.<br \/>\nVoc\u00ea consegue perdoar sempre, de cora\u00e7\u00e3o, a quem o ofendeu?<\/p>\n<\/div>\n<\/div>\n<\/div>\n","protected":false},"excerpt":{"rendered":"<p>O assassino foi pego em flagrante e foi levado ao c\u00e1rcere. Contra ele foi feita uma acusa\u00e7\u00e3o e o juiz o condenou \u00e0 morte, mesmo depois de eu ter declarado que o havia perdoado, como crist\u00e3o, como sacerdote e como arcebispo. Aut 583 PERD\u00c3O GENEROSO O autor do atentado que sofreu o Arcebispo Claret em [&hellip;]<\/p>\n","protected":false},"author":1,"featured_media":0,"comment_status":"closed","ping_status":"closed","sticky":false,"template":"","format":"standard","meta":{"_et_pb_use_builder":"","_et_pb_old_content":"","_et_gb_content_width":"","footnotes":""},"categories":[527],"tags":[],"class_list":["post-18173","post","type-post","status-publish","format-standard","hentry","category-claret-com-voce"],"jetpack_featured_media_url":"","jetpack_sharing_enabled":true,"jetpack_shortlink":"https:\/\/wp.me\/pdaBmi-4J7","jetpack_likes_enabled":true,"_links":{"self":[{"href":"https:\/\/www.claret.org\/pt-pt\/wp-json\/wp\/v2\/posts\/18173","targetHints":{"allow":["GET"]}}],"collection":[{"href":"https:\/\/www.claret.org\/pt-pt\/wp-json\/wp\/v2\/posts"}],"about":[{"href":"https:\/\/www.claret.org\/pt-pt\/wp-json\/wp\/v2\/types\/post"}],"author":[{"embeddable":true,"href":"https:\/\/www.claret.org\/pt-pt\/wp-json\/wp\/v2\/users\/1"}],"replies":[{"embeddable":true,"href":"https:\/\/www.claret.org\/pt-pt\/wp-json\/wp\/v2\/comments?post=18173"}],"version-history":[{"count":0,"href":"https:\/\/www.claret.org\/pt-pt\/wp-json\/wp\/v2\/posts\/18173\/revisions"}],"wp:attachment":[{"href":"https:\/\/www.claret.org\/pt-pt\/wp-json\/wp\/v2\/media?parent=18173"}],"wp:term":[{"taxonomy":"category","embeddable":true,"href":"https:\/\/www.claret.org\/pt-pt\/wp-json\/wp\/v2\/categories?post=18173"},{"taxonomy":"post_tag","embeddable":true,"href":"https:\/\/www.claret.org\/pt-pt\/wp-json\/wp\/v2\/tags?post=18173"}],"curies":[{"name":"wp","href":"https:\/\/api.w.org\/{rel}","templated":true}]}}