{"id":18309,"date":"2018-05-21T00:00:34","date_gmt":"2018-05-20T22:00:34","guid":{"rendered":"https:\/\/www.claret.org\/?p=18309"},"modified":"2018-05-21T00:00:34","modified_gmt":"2018-05-20T22:00:34","slug":"21-maio","status":"publish","type":"post","link":"https:\/\/www.claret.org\/pt-pt\/21-maio\/","title":{"rendered":"21 Maio"},"content":{"rendered":"<div class=\"field field-name-field-meditacion-cita-texto field-type-text-long field-label-hidden\">\n<div class=\"field-items\">\n<div class=\"field-item even\">Desde muito pequeno me senti inclinado \u00e0 piedade e \u00e0 Religi\u00e3o.<\/div>\n<\/div>\n<\/div>\n<div class=\"field field-name-field-meditacion-cita field-type-text field-label-hidden\">\n<div class=\"field-items\">\n<div class=\"field-item even\">Aut 36<\/div>\n<\/div>\n<\/div>\n<div class=\"titulo-meditacion\">\n<h2>TODA GRANDE VIAGEM COME\u00c7A COM UM PRIMEIRO PASSO<\/h2>\n<\/div>\n<div class=\"field field-name-body field-type-text-with-summary field-label-hidden\">\n<div class=\"field-items\">\n<div class=\"field-item even\">\n<p>H\u00e1 palavras que sa\u00edram de moda entre n\u00f3s. Praticamente ningu\u00e9m as pronuncia mais. Nossa mentalidade pretende ser mais adulta, culta, utilit\u00e1ria, racionalista, t\u00e9cnica, fria, n\u00e3o sabe o que fazer ou como reagir diante de algumas palavras. Parece que a piedade tem algo a ver com afeto, emo\u00e7\u00e3o, sentimento. E parece que seria como aquela inclina\u00e7\u00e3o afetiva, com sentimento, para uma determinada realidade. Certamente, pelo menos em algum contexto e sentido, \u00e9 sin\u00f4nimo de devo\u00e7\u00e3o, isto \u00e9, de amor, rever\u00eancia e respeito a uma realidade, seja qual for. \u00c9 um termo perto da comisera\u00e7\u00e3o, empatia, simpatia, compaix\u00e3o. E \u00e9 que tamb\u00e9m Deus, seu nome e sua realidade, pode inspirar e, de fato inspira na pessoa crente devo\u00e7\u00e3o, amor, respeito, afeto, carinho reverente, ternura, venera\u00e7\u00e3o, culto, isto \u00e9, piedade.<br \/>\nA palavra \u201cPai\u201d, Abb\u00e1, em l\u00e1bios de Jesus de Nazar\u00e9, evoca com emo\u00e7\u00e3o aquela atitude e express\u00e3o que poder\u00edamos traduzir como \u2018papai\u2019. E acontece que o amor a Deus inspira e move muitas atitudes, comportamentos, compromissos, emo\u00e7\u00f5es, sentimentos, mas, sobretudo, aquela atitude confiante e filial de admira\u00e7\u00e3o, agradecimento, devo\u00e7\u00e3o, respeito, venera\u00e7\u00e3o, isto \u00e9, piedade.<br \/>\nA \u00faltima revela\u00e7\u00e3o de Deus, contida na B\u00edblia crist\u00e3, nos vem do disc\u00edpulo amado e da sua comunidade: \u201cDeus \u00e9 amor\u201d. Pode ser e certamente assim ser\u00e1, que entre outros fatores mais individuais e humanos, tamb\u00e9m o mesmo Deus vai educando e formando um cora\u00e7\u00e3o de carne, isto \u00e9, um cora\u00e7\u00e3o altru\u00edsta, compassivo, generoso, gratuito, humano, misericordioso, solid\u00e1rio. E vai fazendo isto desde a mais tenra idade, desde os primeiros anos de vida e desde as primeiras experi\u00eancias que a crian\u00e7a vai tendo. \u00c9 poss\u00edvel tamb\u00e9m que o cora\u00e7\u00e3o se tenha endurecido at\u00e9 ficar como cora\u00e7\u00e3o de pedra. Como vai seu amor filial para com Deus Pai?<\/p>\n<\/div>\n<\/div>\n<\/div>\n","protected":false},"excerpt":{"rendered":"<p>Desde muito pequeno me senti inclinado \u00e0 piedade e \u00e0 Religi\u00e3o. Aut 36 TODA GRANDE VIAGEM COME\u00c7A COM UM PRIMEIRO PASSO H\u00e1 palavras que sa\u00edram de moda entre n\u00f3s. Praticamente ningu\u00e9m as pronuncia mais. Nossa mentalidade pretende ser mais adulta, culta, utilit\u00e1ria, racionalista, t\u00e9cnica, fria, n\u00e3o sabe o que fazer ou como reagir diante de [&hellip;]<\/p>\n","protected":false},"author":2,"featured_media":0,"comment_status":"closed","ping_status":"closed","sticky":false,"template":"","format":"standard","meta":{"_et_pb_use_builder":"","_et_pb_old_content":"","_et_gb_content_width":"","footnotes":""},"categories":[527],"tags":[],"class_list":["post-18309","post","type-post","status-publish","format-standard","hentry","category-claret-com-voce"],"jetpack_featured_media_url":"","jetpack_sharing_enabled":true,"jetpack_shortlink":"https:\/\/wp.me\/pdaBmi-4Lj","jetpack_likes_enabled":true,"_links":{"self":[{"href":"https:\/\/www.claret.org\/pt-pt\/wp-json\/wp\/v2\/posts\/18309","targetHints":{"allow":["GET"]}}],"collection":[{"href":"https:\/\/www.claret.org\/pt-pt\/wp-json\/wp\/v2\/posts"}],"about":[{"href":"https:\/\/www.claret.org\/pt-pt\/wp-json\/wp\/v2\/types\/post"}],"author":[{"embeddable":true,"href":"https:\/\/www.claret.org\/pt-pt\/wp-json\/wp\/v2\/users\/2"}],"replies":[{"embeddable":true,"href":"https:\/\/www.claret.org\/pt-pt\/wp-json\/wp\/v2\/comments?post=18309"}],"version-history":[{"count":0,"href":"https:\/\/www.claret.org\/pt-pt\/wp-json\/wp\/v2\/posts\/18309\/revisions"}],"wp:attachment":[{"href":"https:\/\/www.claret.org\/pt-pt\/wp-json\/wp\/v2\/media?parent=18309"}],"wp:term":[{"taxonomy":"category","embeddable":true,"href":"https:\/\/www.claret.org\/pt-pt\/wp-json\/wp\/v2\/categories?post=18309"},{"taxonomy":"post_tag","embeddable":true,"href":"https:\/\/www.claret.org\/pt-pt\/wp-json\/wp\/v2\/tags?post=18309"}],"curies":[{"name":"wp","href":"https:\/\/api.w.org\/{rel}","templated":true}]}}