{"id":20608,"date":"2018-06-06T09:50:29","date_gmt":"2018-06-06T07:50:29","guid":{"rendered":"https:\/\/www.claret.org\/quarto-congresso-das-escolas-biblicas-claretianas\/"},"modified":"2018-06-06T09:50:29","modified_gmt":"2018-06-06T07:50:29","slug":"quarto-congresso-das-escolas-biblicas-claretianas","status":"publish","type":"post","link":"https:\/\/www.claret.org\/pt-pt\/quarto-congresso-das-escolas-biblicas-claretianas\/","title":{"rendered":"Quarto Congresso das Escolas B\u00edblicas Claretianas"},"content":{"rendered":"<p><strong>Tr\u00eas Rios &#8211; USA.<\/strong> Durante o fim de semana, de 1 a 3 de junho foi feito o Quarto Congresso de Escolas B\u00edlicas Claretianas dos Estados Unidos da Am\u00e9rica do Norte-Canad\u00e1. O encontro foi em Tr\u00eas Rios, sendo os anfitri\u00f5es os estudantes da EBC de Fresno. O tema foi: &#8220;Do Jesus Hist\u00f3rico ao Cristo da F\u00e9&#8221; e a apresenta\u00e7\u00e3o do mesmo esteve a cargo do biblista padre Ra\u00fal Lugo.<\/p>\n<p>Durante este encontro se reuniram estudantes das Escolas B\u00edblicas Claretianas de Fresno, Atlanta e Chicago. Foram intensos os tr\u00eas dias durante os quais pudemos aproximarmo-nos do Jesus da hist\u00f3ria atrav\u00e9s da s\u00e9rie de apresenta\u00e7\u00f5es do Padre Lugo durante o s\u00e1bado e o domingo.<\/p>\n<p>O Pe. Lugo come\u00e7ou suas apresenta\u00e7\u00f5es sobre o Jesus Hist\u00f3rico dando-nos uma vis\u00e3o geral de onde partir e as dificuldades para aproximarmo-nos desde o ponto de vista hist\u00f3rico de um personagem que viveu h\u00e1 mais de 2.000 anos.<\/p>\n<p>O congresso se concluiu com uma missa celebrada no domingo pelos padres: Jos\u00e9 Merino, Ra\u00fal Lugo, Henry Omonisaye e Manuel Villalobos. Por \u00faltimo, o Padre Consultor do Governo Geral, Henry Omonisaye, encerrou este evento com algumas recomenda\u00e7\u00f5es e observa\u00e7\u00f5es muito valiosas para o seguimento da caminhada b\u00edblica na Prov\u00edncia USA-Canad\u00e1.<\/p>\n<div class=\"et_pb_slider et_pb_slider_fullwidth_off et_pb_gallery_post_type\">\n\t\t\t\t<div class=\"et_pb_slides\">\n\t\t\t\t\t<div class=\"et_pb_slide\" style=\"background: url(https:\/\/www.claret.org\/wp-content\/uploads\/2018\/06\/4th-Bible-Congress-2.jpeg);\"><\/div><div class=\"et_pb_slide\" style=\"background: url(https:\/\/www.claret.org\/wp-content\/uploads\/2018\/06\/4th-Bible-Congress-3.jpeg);\"><\/div><div class=\"et_pb_slide\" style=\"background: url(https:\/\/www.claret.org\/wp-content\/uploads\/2018\/06\/4th-Bible-Congress-4.jpeg);\"><\/div><div class=\"et_pb_slide\" style=\"background: url(https:\/\/www.claret.org\/wp-content\/uploads\/2018\/06\/4th-Bible-Congress-5.jpeg);\"><\/div><div class=\"et_pb_slide\" style=\"background: url(https:\/\/www.claret.org\/wp-content\/uploads\/2018\/06\/4th-Bible-Congress-6.jpeg);\"><\/div><div class=\"et_pb_slide\" style=\"background: url(https:\/\/www.claret.org\/wp-content\/uploads\/2018\/06\/4th-Bible-Congress-7.jpeg);\"><\/div><div class=\"et_pb_slide\" style=\"background: url(https:\/\/www.claret.org\/wp-content\/uploads\/2018\/06\/4th-Bible-Congress-8.jpeg);\"><\/div><div class=\"et_pb_slide\" style=\"background: url(https:\/\/www.claret.org\/wp-content\/uploads\/2018\/06\/4th-Bible-Congress-9.jpeg);\"><\/div>\n\t\t\t\t<\/div>\n\t\t\t<\/div>\n","protected":false},"excerpt":{"rendered":"<p>Tr\u00eas Rios &#8211; USA. Durante o fim de semana, de 1 a 3 de junho foi feito o Quarto Congresso de Escolas B\u00edlicas Claretianas dos Estados Unidos da Am\u00e9rica do Norte-Canad\u00e1. O encontro foi em Tr\u00eas Rios, sendo os anfitri\u00f5es os estudantes da EBC de Fresno. O tema foi: &#8220;Do Jesus Hist\u00f3rico ao Cristo da [&hellip;]<\/p>\n","protected":false},"author":2,"featured_media":20597,"comment_status":"closed","ping_status":"closed","sticky":false,"template":"","format":"standard","meta":{"_et_pb_use_builder":"","_et_pb_old_content":"","_et_gb_content_width":"","footnotes":""},"categories":[600,354,413],"tags":[],"class_list":["post-20608","post","type-post","status-publish","format-standard","has-post-thumbnail","hentry","category-usa-canada-pt-pt","category-micla-pt-pt","category-pastoral-biblica-pt-pt"],"jetpack_featured_media_url":"https:\/\/i0.wp.com\/www.claret.org\/wp-content\/uploads\/2018\/06\/4th-Bible-Congress-10.jpeg?fit=1024%2C487&ssl=1","jetpack_sharing_enabled":true,"jetpack_shortlink":"https:\/\/wp.me\/pdaBmi-5mo","jetpack_likes_enabled":true,"_links":{"self":[{"href":"https:\/\/www.claret.org\/pt-pt\/wp-json\/wp\/v2\/posts\/20608","targetHints":{"allow":["GET"]}}],"collection":[{"href":"https:\/\/www.claret.org\/pt-pt\/wp-json\/wp\/v2\/posts"}],"about":[{"href":"https:\/\/www.claret.org\/pt-pt\/wp-json\/wp\/v2\/types\/post"}],"author":[{"embeddable":true,"href":"https:\/\/www.claret.org\/pt-pt\/wp-json\/wp\/v2\/users\/2"}],"replies":[{"embeddable":true,"href":"https:\/\/www.claret.org\/pt-pt\/wp-json\/wp\/v2\/comments?post=20608"}],"version-history":[{"count":0,"href":"https:\/\/www.claret.org\/pt-pt\/wp-json\/wp\/v2\/posts\/20608\/revisions"}],"wp:featuredmedia":[{"embeddable":true,"href":"https:\/\/www.claret.org\/pt-pt\/wp-json\/wp\/v2\/media\/20597"}],"wp:attachment":[{"href":"https:\/\/www.claret.org\/pt-pt\/wp-json\/wp\/v2\/media?parent=20608"}],"wp:term":[{"taxonomy":"category","embeddable":true,"href":"https:\/\/www.claret.org\/pt-pt\/wp-json\/wp\/v2\/categories?post=20608"},{"taxonomy":"post_tag","embeddable":true,"href":"https:\/\/www.claret.org\/pt-pt\/wp-json\/wp\/v2\/tags?post=20608"}],"curies":[{"name":"wp","href":"https:\/\/api.w.org\/{rel}","templated":true}]}}