{"id":21834,"date":"2018-06-15T17:06:20","date_gmt":"2018-06-15T15:06:20","guid":{"rendered":"https:\/\/www.claret.org\/25-aniversario-dos-claretianos-na-polonia\/"},"modified":"2018-06-15T17:06:20","modified_gmt":"2018-06-15T15:06:20","slug":"25-aniversario-dos-claretianos-na-polonia","status":"publish","type":"post","link":"https:\/\/www.claret.org\/pt-pt\/25-aniversario-dos-claretianos-na-polonia\/","title":{"rendered":"25 \u00b0 Anivers\u00e1rio dos Claretianos na Pol\u00f4nia"},"content":{"rendered":"<p><span id=\"result_box\" class=\"\" lang=\"en\"><strong><span class=\"\">\u0141\u00f3d\u017a, Pol\u00f4nia.<\/span><\/strong> <span class=\"\">No dia 9 de junho de 2018, Solenidade do Imaculado Cora\u00e7\u00e3o de Maria, os Mission\u00e1rios Claretianos da Prov\u00edncia da Pol\u00f4nia se reuniram na Par\u00f3quia Claretiana de Lodz para celebrar o 25\u00b0 anivers\u00e1rio da Prov\u00edncia de Pol\u00f4nia.<\/span><\/span><\/p>\n<p><span id=\"result_box\" class=\"\" lang=\"en\"><span class=\"\">Junto con nuestros hermanos en la Congregaci\u00f3n, la celebraci\u00f3n reuni\u00f3 a m\u00e1s de 300 personas pertenecientes a la Familia Claretiana &#8211; Religiosas de Mar\u00eda Inmaculada Misioneras Claretianas, Hermanas Misioneras de San Antonio Mar\u00eda Claret, amigos sacerdotes, Hermanas de otras congregaciones, feligreses de todas las Parroquias claretianas de Polonia, amigos y benefactores. Entre los Misioneros Claretianos, todas las comunidades estaban representadas, incluidas las comunidades en el extranjero. Entre los presentes estaba el P. Georg Hopf, CMF representante de la Provincia de Alemania, de donde provienen las ra\u00edces de la Provincia de Polonia. Tambi\u00e9n estaba presente el P. Andrew Cantona Adukwawm, CMF, representante de nuestras misiones en \u00c1frica.<\/span><\/span><\/p>\n<div id=\"attachment_20912\" style=\"width: 1210px\" class=\"wp-caption alignnone\"><img data-recalc-dims=\"1\" loading=\"lazy\" decoding=\"async\" aria-describedby=\"caption-attachment-20912\" class=\"size-full wp-image-20912\" src=\"https:\/\/i0.wp.com\/www.claret.org\/wp-content\/uploads\/2018\/06\/Los-obispos-Grzegorz-Ry%C5%9B-y-Jacek-Kici%C5%84ski-CMF-de-izguierda.jpg?resize=1080%2C771&#038;ssl=1\" alt=\"\" width=\"1080\" height=\"771\" title=\"\" srcset=\"https:\/\/i0.wp.com\/www.claret.org\/wp-content\/uploads\/2018\/06\/Los-obispos-Grzegorz-Ry%C5%9B-y-Jacek-Kici%C5%84ski-CMF-de-izguierda.jpg?w=1200&amp;ssl=1 1200w, https:\/\/i0.wp.com\/www.claret.org\/wp-content\/uploads\/2018\/06\/Los-obispos-Grzegorz-Ry%C5%9B-y-Jacek-Kici%C5%84ski-CMF-de-izguierda.jpg?resize=300%2C214&amp;ssl=1 300w, https:\/\/i0.wp.com\/www.claret.org\/wp-content\/uploads\/2018\/06\/Los-obispos-Grzegorz-Ry%C5%9B-y-Jacek-Kici%C5%84ski-CMF-de-izguierda.jpg?resize=768%2C548&amp;ssl=1 768w, https:\/\/i0.wp.com\/www.claret.org\/wp-content\/uploads\/2018\/06\/Los-obispos-Grzegorz-Ry%C5%9B-y-Jacek-Kici%C5%84ski-CMF-de-izguierda.jpg?resize=1024%2C731&amp;ssl=1 1024w, https:\/\/i0.wp.com\/www.claret.org\/wp-content\/uploads\/2018\/06\/Los-obispos-Grzegorz-Ry%C5%9B-y-Jacek-Kici%C5%84ski-CMF-de-izguierda.jpg?resize=1080%2C771&amp;ssl=1 1080w\" sizes=\"(max-width: 1080px) 100vw, 1080px\" \/><p id=\"caption-attachment-20912\" class=\"wp-caption-text\"><Em><Span Id=\"Result_Box\" Class=\"\" Lang=\"En\"><Span Class=\"\">El Arzobispo Grzegorz Ry\u015b Y El Obispo Jacek Kici\u0144ski Cmf (A La Izquierda)<\/Span><\/Span><\/Em><\/p><\/div>\n<p><span id=\"result_box\" class=\"\" lang=\"en\"><span class=\"\">Lo m\u00e1s destacado de la celebraci\u00f3n fue la solemne Eucarist\u00eda presidida por el Obispo metropolitano de la Arquidi\u00f3cesis de \u0141\u00f3d\u017a, Arzobispo Grzegorz Ry\u015b. La homil\u00eda conmemorativa fue predicada por el Obispo Auxiliar Claretiano de Wroc\u0142aw, Monse\u00f1or Jacek Kici\u0144ski, CMF. Al final de la Eucarist\u00eda, el P. Piotr Beza, CMF, Provincial de Polska agradeci\u00f3 a Dios y al pueblo por los 25 a\u00f1os de este camino com\u00fan emprendido. El coro claretiano &#8220;Claret Gospel&#8221; de Costa de Marfil, con sus entusiastas canciones y bailes, dio m\u00e1s esplendor al Aniversario.<\/span><\/span><\/p>\n<div id=\"attachment_20914\" style=\"width: 1210px\" class=\"wp-caption alignnone\"><img data-recalc-dims=\"1\" loading=\"lazy\" decoding=\"async\" aria-describedby=\"caption-attachment-20914\" class=\"size-full wp-image-20914\" src=\"https:\/\/i0.wp.com\/www.claret.org\/wp-content\/uploads\/2018\/06\/El-Coro-%C2%B4%C2%B4Claret-Gospel%C2%B4%C2%B4-durante-la-procesi%C3%B3n.jpg?resize=1080%2C771&#038;ssl=1\" alt=\"\" width=\"1080\" height=\"771\" title=\"\" srcset=\"https:\/\/i0.wp.com\/www.claret.org\/wp-content\/uploads\/2018\/06\/El-Coro-%C2%B4%C2%B4Claret-Gospel%C2%B4%C2%B4-durante-la-procesi%C3%B3n.jpg?w=1200&amp;ssl=1 1200w, https:\/\/i0.wp.com\/www.claret.org\/wp-content\/uploads\/2018\/06\/El-Coro-%C2%B4%C2%B4Claret-Gospel%C2%B4%C2%B4-durante-la-procesi%C3%B3n.jpg?resize=300%2C214&amp;ssl=1 300w, https:\/\/i0.wp.com\/www.claret.org\/wp-content\/uploads\/2018\/06\/El-Coro-%C2%B4%C2%B4Claret-Gospel%C2%B4%C2%B4-durante-la-procesi%C3%B3n.jpg?resize=768%2C548&amp;ssl=1 768w, https:\/\/i0.wp.com\/www.claret.org\/wp-content\/uploads\/2018\/06\/El-Coro-%C2%B4%C2%B4Claret-Gospel%C2%B4%C2%B4-durante-la-procesi%C3%B3n.jpg?resize=1024%2C731&amp;ssl=1 1024w, https:\/\/i0.wp.com\/www.claret.org\/wp-content\/uploads\/2018\/06\/El-Coro-%C2%B4%C2%B4Claret-Gospel%C2%B4%C2%B4-durante-la-procesi%C3%B3n.jpg?resize=1080%2C771&amp;ssl=1 1080w\" sizes=\"(max-width: 1080px) 100vw, 1080px\" \/><p id=\"caption-attachment-20914\" class=\"wp-caption-text\"><Em><Span Id=\"Result_Box\" Class=\"Short_Text\" Lang=\"En\"><Span Class=\"\">El Coro &#8220;Claret Gospel&#8221; Durante La Procesi\u00f3n<\/Span><\/Span><\/Em><\/p><\/div>\n<p><span id=\"result_box\" class=\"\" lang=\"en\"><span class=\"\">Despu\u00e9s de la Eucarist\u00eda, la celebraci\u00f3n continu\u00f3 en el sal\u00f3n de comidas y en los jardines de la Parroquia, donde todos disfrutaron de la comida y el helado. Por la tarde, se organizaron eventos art\u00edsticos. El conjunto musical &#8220;Miedarzanie&#8221; de Miedary, de la primera comunidad claretiana de Polonia, actu\u00f3 en el escenario preparado junto a la iglesia. Tambi\u00e9n actu\u00f3 el grupo juvenil de pantomima claretiana &#8220;Iuventus Dei&#8221;.<\/span><\/span><span id=\"result_box\" class=\"\" lang=\"en\"><\/span><\/p>\n<div id=\"attachment_20913\" style=\"width: 1210px\" class=\"wp-caption alignnone\"><img data-recalc-dims=\"1\" loading=\"lazy\" decoding=\"async\" aria-describedby=\"caption-attachment-20913\" class=\"size-full wp-image-20913\" src=\"https:\/\/i0.wp.com\/www.claret.org\/wp-content\/uploads\/2018\/06\/El-grupo-%C2%B4Miedarzanie%C2%B4en-la-escena.jpg?resize=1080%2C608&#038;ssl=1\" alt=\"\" width=\"1080\" height=\"608\" title=\"\" srcset=\"https:\/\/i0.wp.com\/www.claret.org\/wp-content\/uploads\/2018\/06\/El-grupo-%C2%B4Miedarzanie%C2%B4en-la-escena.jpg?w=1200&amp;ssl=1 1200w, https:\/\/i0.wp.com\/www.claret.org\/wp-content\/uploads\/2018\/06\/El-grupo-%C2%B4Miedarzanie%C2%B4en-la-escena.jpg?resize=300%2C169&amp;ssl=1 300w, https:\/\/i0.wp.com\/www.claret.org\/wp-content\/uploads\/2018\/06\/El-grupo-%C2%B4Miedarzanie%C2%B4en-la-escena.jpg?resize=768%2C432&amp;ssl=1 768w, https:\/\/i0.wp.com\/www.claret.org\/wp-content\/uploads\/2018\/06\/El-grupo-%C2%B4Miedarzanie%C2%B4en-la-escena.jpg?resize=1024%2C576&amp;ssl=1 1024w, https:\/\/i0.wp.com\/www.claret.org\/wp-content\/uploads\/2018\/06\/El-grupo-%C2%B4Miedarzanie%C2%B4en-la-escena.jpg?resize=1080%2C608&amp;ssl=1 1080w\" sizes=\"(max-width: 1080px) 100vw, 1080px\" \/><p id=\"caption-attachment-20913\" class=\"wp-caption-text\"><Em><Span Id=\"Result_Box\" Class=\"Short_Text\" Lang=\"En\"><Span Class=\"\">El Grupo &#8220;Miedarzanie&#8221; En El Escenario<\/Span><\/Span><\/Em><\/p><\/div>\n<p><span id=\"result_box\" class=\"\" lang=\"en\"><span class=\"\"><em>&#8220;Agradecemos a todos los que de alguna manera ayudaron en el crecimiento de la Provincia de Polonia durante los \u00faltimos 25 a\u00f1os y en la celebraci\u00f3n tan hermosa de este Aniversario&#8221; <\/em>&#8211; de la Provincia de Polonia a todos.<\/span><\/span><span id=\"result_box\" class=\"\" lang=\"en\"><\/span><\/p>\n<div class=\"et_pb_slider et_pb_slider_fullwidth_off et_pb_gallery_post_type\">\n\t\t\t\t<div class=\"et_pb_slides\">\n\t\t\t\t\t<div class=\"et_pb_slide\" style=\"background: url(https:\/\/www.claret.org\/wp-content\/uploads\/2018\/06\/Ocasional-tarta-de-cumplea\u00f1os.jpg);\"><\/div><div class=\"et_pb_slide\" style=\"background: url(https:\/\/www.claret.org\/wp-content\/uploads\/2018\/06\/Padre-Provincial-da-las-gracias.jpg);\"><\/div><div class=\"et_pb_slide\" style=\"background: url(https:\/\/www.claret.org\/wp-content\/uploads\/2018\/06\/El-Coro-Claret-Gospel-de-Costa-de-Marf\u00edl.jpg);\"><\/div>\n\t\t\t\t<\/div>\n\t\t\t<\/div>\n","protected":false},"excerpt":{"rendered":"<p>\u0141\u00f3d\u017a, Pol\u00f4nia. No dia 9 de junho de 2018, Solenidade do Imaculado Cora\u00e7\u00e3o de Maria, os Mission\u00e1rios Claretianos da Prov\u00edncia da Pol\u00f4nia se reuniram na Par\u00f3quia Claretiana de Lodz para celebrar o 25\u00b0 anivers\u00e1rio da Prov\u00edncia de Pol\u00f4nia. Junto con nuestros hermanos en la Congregaci\u00f3n, la celebraci\u00f3n reuni\u00f3 a m\u00e1s de 300 personas pertenecientes a [&hellip;]<\/p>\n","protected":false},"author":2,"featured_media":20919,"comment_status":"closed","ping_status":"closed","sticky":false,"template":"","format":"standard","meta":{"_et_pb_use_builder":"","_et_pb_old_content":"","_et_gb_content_width":"","footnotes":""},"categories":[542,280,336],"tags":[],"class_list":["post-21834","post","type-post","status-publish","format-standard","has-post-thumbnail","hentry","category-aniversarios-pt-pt","category-ecla-pt-pt","category-polska-pt-pt"],"jetpack_featured_media_url":"https:\/\/i0.wp.com\/www.claret.org\/wp-content\/uploads\/2018\/06\/Altar.-De-izquierda-Padre-Provincial-Piotr-Beza-cmf-di%C3%A1cono-Tomasz-Lisowski-cmf-obispo-de-Lodz-Grzegorz-Rys-estudiante-Michal-Serwinski-cmf.jpg?fit=1200%2C857&ssl=1","jetpack_sharing_enabled":true,"jetpack_shortlink":"https:\/\/wp.me\/pdaBmi-5Ga","jetpack_likes_enabled":true,"_links":{"self":[{"href":"https:\/\/www.claret.org\/pt-pt\/wp-json\/wp\/v2\/posts\/21834","targetHints":{"allow":["GET"]}}],"collection":[{"href":"https:\/\/www.claret.org\/pt-pt\/wp-json\/wp\/v2\/posts"}],"about":[{"href":"https:\/\/www.claret.org\/pt-pt\/wp-json\/wp\/v2\/types\/post"}],"author":[{"embeddable":true,"href":"https:\/\/www.claret.org\/pt-pt\/wp-json\/wp\/v2\/users\/2"}],"replies":[{"embeddable":true,"href":"https:\/\/www.claret.org\/pt-pt\/wp-json\/wp\/v2\/comments?post=21834"}],"version-history":[{"count":0,"href":"https:\/\/www.claret.org\/pt-pt\/wp-json\/wp\/v2\/posts\/21834\/revisions"}],"wp:featuredmedia":[{"embeddable":true,"href":"https:\/\/www.claret.org\/pt-pt\/wp-json\/wp\/v2\/media\/20919"}],"wp:attachment":[{"href":"https:\/\/www.claret.org\/pt-pt\/wp-json\/wp\/v2\/media?parent=21834"}],"wp:term":[{"taxonomy":"category","embeddable":true,"href":"https:\/\/www.claret.org\/pt-pt\/wp-json\/wp\/v2\/categories?post=21834"},{"taxonomy":"post_tag","embeddable":true,"href":"https:\/\/www.claret.org\/pt-pt\/wp-json\/wp\/v2\/tags?post=21834"}],"curies":[{"name":"wp","href":"https:\/\/api.w.org\/{rel}","templated":true}]}}