{"id":22626,"date":"2018-06-30T00:00:49","date_gmt":"2018-06-29T22:00:49","guid":{"rendered":"https:\/\/www.claret.org\/30-junho\/"},"modified":"2018-06-30T00:00:49","modified_gmt":"2018-06-29T22:00:49","slug":"30-junho","status":"publish","type":"post","link":"https:\/\/www.claret.org\/pt-pt\/30-junho\/","title":{"rendered":"30 Junho"},"content":{"rendered":"<div class=\"field field-name-field-meditacion-cita-texto field-type-text-long field-label-hidden\">\n<div class=\"field-items\">\n<div class=\"field-item even\">Mas o que mais me entusiasma \u00e9 o zelo do Ap\u00f3stolo Paulo. Como corre de uma a outra parte, levando em vaso precioso a doutrina de Jesus Cristo.<\/div>\n<\/div>\n<\/div>\n<div class=\"field field-name-field-meditacion-cita field-type-text field-label-hidden\">\n<div class=\"field-items\">\n<div class=\"field-item even\">Aut 224<\/div>\n<\/div>\n<\/div>\n<div class=\"titulo-meditacion\">\n<h2>ENTUSIASMO<\/h2>\n<\/div>\n<div class=\"field field-name-body field-type-text-with-summary field-label-hidden\">\n<div class=\"field-items\">\n<div class=\"field-item even\">\n<p>O zelo de S\u00e3o Paulo foi um dos incentivos que mais fortemente moveram a vida apost\u00f3lica do Padre Claret at\u00e9 o final dos seus dias. Paulo o entusiasmou (um verbo em cuja raiz se recolhe certo sentido divino: \u201cse endeusou\u201d, poder\u00edamos traduzir livremente). Como para Paulo, Cristo para Claret lhe fez perder o sono, enchendo-o de zelo. O zelo mission\u00e1rio \u00e9 o amor de Deus em forma de solicitude sem medidas pelos outros. \u00c9 o amor de Deus \u201cdescontrolado\u201d por um dom inexplic\u00e1vel de entrega. Seu matiz \u00e9 a urg\u00eancia. Deve-se fazer o bem, faz\u00ea-lo j\u00e1, faz\u00ea-lo superlativamente: o melhor.<br \/>\nTem seus efeitos inconfund\u00edveis. Faz ver o pr\u00f3ximo de uma maneira distinta e transfigurada. Tudo nele aparece belo, at\u00e9 os defeitos. Em sua presen\u00e7a se chega a sentir-se indigno, porque o amor verdadeiro gera sempre humildade. Coloca asas nos p\u00e9s e se deslancha numa atividade poderosa e incans\u00e1vel para fazer o bem a qualquer pre\u00e7o. T\u00e3o forte \u00e9 sua capacidade que chegam a mudar de h\u00e1bitos de vida e o que parecia dif\u00edcil e custoso se transforma misteriosamente em suave e agrad\u00e1vel. Uma pessoa enamorada jamais se rende diante da dificuldade, n\u00e3o sabe calcular o tempo nem os bens, n\u00e3o se det\u00e9m diante da dificuldade, espera contra toda esperan\u00e7a. E, embora n\u00e3o alcance seus objetivos, d\u00e1 por bem empregado seu esfor\u00e7o. Isto dizia S\u00e3o Jo\u00e3o da Cruz em uma frase redonda: \u201cO amor nem cansa, nem se cansa, nem descansa\u201d.<br \/>\nUm dia Claret se encontrou com os escritos de S\u00e3o Paulo e encheram um vazio da sua alma. Desde ent\u00e3o Paulo foi mestre e amigo de Claret. N\u00e3o era um personagem de fic\u00e7\u00e3o. Pode ouvi-lo com o ouvido do cora\u00e7\u00e3o. E, como Paulo, frequentou a amizade com Cristo em sua casa que \u00e9 a Igreja.<br \/>\nPor que n\u00e3o propor ao leitor destas linhas que tome como empenho ler uma das cartas de S\u00e3o Paulo? E por que n\u00e3o convid\u00e1-lo a que, ao faz\u00ea-lo, recolha alguma das frases que mais o tocaram? N\u00e3o se arrepender\u00e1.<\/p>\n<\/div>\n<\/div>\n<\/div>\n","protected":false},"excerpt":{"rendered":"<p>Mas o que mais me entusiasma \u00e9 o zelo do Ap\u00f3stolo Paulo. Como corre de uma a outra parte, levando em vaso precioso a doutrina de Jesus Cristo. Aut 224 ENTUSIASMO O zelo de S\u00e3o Paulo foi um dos incentivos que mais fortemente moveram a vida apost\u00f3lica do Padre Claret at\u00e9 o final dos seus [&hellip;]<\/p>\n","protected":false},"author":1,"featured_media":0,"comment_status":"closed","ping_status":"closed","sticky":false,"template":"","format":"standard","meta":{"_et_pb_use_builder":"","_et_pb_old_content":"","_et_gb_content_width":"","footnotes":""},"categories":[527],"tags":[],"class_list":["post-22626","post","type-post","status-publish","format-standard","hentry","category-claret-com-voce"],"jetpack_featured_media_url":"","jetpack_sharing_enabled":true,"jetpack_shortlink":"https:\/\/wp.me\/pdaBmi-5SW","jetpack_likes_enabled":true,"_links":{"self":[{"href":"https:\/\/www.claret.org\/pt-pt\/wp-json\/wp\/v2\/posts\/22626","targetHints":{"allow":["GET"]}}],"collection":[{"href":"https:\/\/www.claret.org\/pt-pt\/wp-json\/wp\/v2\/posts"}],"about":[{"href":"https:\/\/www.claret.org\/pt-pt\/wp-json\/wp\/v2\/types\/post"}],"author":[{"embeddable":true,"href":"https:\/\/www.claret.org\/pt-pt\/wp-json\/wp\/v2\/users\/1"}],"replies":[{"embeddable":true,"href":"https:\/\/www.claret.org\/pt-pt\/wp-json\/wp\/v2\/comments?post=22626"}],"version-history":[{"count":0,"href":"https:\/\/www.claret.org\/pt-pt\/wp-json\/wp\/v2\/posts\/22626\/revisions"}],"wp:attachment":[{"href":"https:\/\/www.claret.org\/pt-pt\/wp-json\/wp\/v2\/media?parent=22626"}],"wp:term":[{"taxonomy":"category","embeddable":true,"href":"https:\/\/www.claret.org\/pt-pt\/wp-json\/wp\/v2\/categories?post=22626"},{"taxonomy":"post_tag","embeddable":true,"href":"https:\/\/www.claret.org\/pt-pt\/wp-json\/wp\/v2\/tags?post=22626"}],"curies":[{"name":"wp","href":"https:\/\/api.w.org\/{rel}","templated":true}]}}