{"id":24871,"date":"2018-07-25T06:38:49","date_gmt":"2018-07-25T04:38:49","guid":{"rendered":"https:\/\/www.claret.org\/pastoral-vocacional-claretiana-na-america-central\/"},"modified":"2018-07-25T06:38:49","modified_gmt":"2018-07-25T04:38:49","slug":"pastoral-vocacional-claretiana-na-america-central","status":"publish","type":"post","link":"https:\/\/www.claret.org\/pt-pt\/pastoral-vocacional-claretiana-na-america-central\/","title":{"rendered":"Pastoral Vocacional Claretiana na Am\u00e9rica Central"},"content":{"rendered":"<p><strong>S\u00e3o Pedro Sula, Honduras.<\/strong> Na casa de Monte Horeb, da par\u00f3quia de Lima, na Diocese de S\u00e3o Pedro Sula, Honduras, foi feito um encontro de Pastoral Vocacional da Prov\u00edncia da Am\u00e9rica Central, de 9 a 14 de julho. Num total de 28 participantes entre claretianos, sacerdotes, irm\u00e3os e estudantes (professos e n\u00e3o professos). \u00c0 fam\u00edlia reunida se juntaram duas religiosas, uma claretiana e um irm\u00e3 do Cen\u00e1culo Dominicano, mais leigos e leigas de algumas equipes locais de trabalho de algumas posi\u00e7\u00f5es mission\u00e1rias da Prov\u00edncia.<\/p>\n<p>Estuvo muy presente la realidad que vive en estos momentos Nicaragua, de la que han salido muchas vocaciones en los \u00faltimos a\u00f1os y donde est\u00e1n presente los estudiantes de proped\u00e9utico y filosof\u00eda. All\u00ed hay equipos de Pastoral Vocacional con un importante trabajo, pero por la situaci\u00f3n especial, no han podido participar. En su oraci\u00f3n estuvieron siempre.<\/p>\n<p>Un momento importante fue la participaci\u00f3n del P. Freddy Cabrera, Secretario Provincial de Pastoral B\u00edblica, quien les ilumin\u00f3 desde la clave b\u00edblica la realidad juvenil, destacando las potencialidades y oportunidades de las generaciones j\u00f3venes, como una esperanza para la tarea vocacional. Fue tambi\u00e9n un momento de articulaci\u00f3n de prioridades provinciales. Luego pudieron compartir las faenas que vinieron haciendo en los distintos lugares de la Provincia. Adem\u00e1s, se detuvieron a pensar en los equipos y su tarea, como los candidatos y sus perfiles. Hubo tiempo para compartir y recrearse, por eso se desplazaron a Tela. Y en un momento espont\u00e1neo y muy fraterno, tuvieron contacto con los alumnos del Centro Escolar Parroquial La Milagrosa, como gesto de familia y herencia carism\u00e1tica.<\/p>\n<p>A futuro se quiere fortalecer el trabajo en familia y por pa\u00edses, sobre todo pensando en que las agendas que se vienen estar\u00e1n cargadas con actividades de Provincia y otras que ser\u00e1 exigencia de la Provincia su organizaci\u00f3n y compromiso como JMJ+FC 2019 Panam\u00e1 y el Cap\u00edtulo Provincial, tambi\u00e9n en 2019.<\/p>\n","protected":false},"excerpt":{"rendered":"<p>S\u00e3o Pedro Sula, Honduras. Na casa de Monte Horeb, da par\u00f3quia de Lima, na Diocese de S\u00e3o Pedro Sula, Honduras, foi feito um encontro de Pastoral Vocacional da Prov\u00edncia da Am\u00e9rica Central, de 9 a 14 de julho. Num total de 28 participantes entre claretianos, sacerdotes, irm\u00e3os e estudantes (professos e n\u00e3o professos). \u00c0 fam\u00edlia [&hellip;]<\/p>\n","protected":false},"author":2,"featured_media":24854,"comment_status":"closed","ping_status":"closed","sticky":false,"template":"","format":"standard","meta":{"_et_pb_use_builder":"","_et_pb_old_content":"","_et_gb_content_width":"","footnotes":""},"categories":[370,354],"tags":[],"class_list":["post-24871","post","type-post","status-publish","format-standard","has-post-thumbnail","hentry","category-centroamerica-pt-pt","category-micla-pt-pt"],"jetpack_featured_media_url":"https:\/\/i0.wp.com\/www.claret.org\/wp-content\/uploads\/2018\/07\/pjv-centroam%C3%A9rica.jpg?fit=798%2C598&ssl=1","jetpack_sharing_enabled":true,"jetpack_shortlink":"https:\/\/wp.me\/pdaBmi-6t9","jetpack_likes_enabled":true,"_links":{"self":[{"href":"https:\/\/www.claret.org\/pt-pt\/wp-json\/wp\/v2\/posts\/24871","targetHints":{"allow":["GET"]}}],"collection":[{"href":"https:\/\/www.claret.org\/pt-pt\/wp-json\/wp\/v2\/posts"}],"about":[{"href":"https:\/\/www.claret.org\/pt-pt\/wp-json\/wp\/v2\/types\/post"}],"author":[{"embeddable":true,"href":"https:\/\/www.claret.org\/pt-pt\/wp-json\/wp\/v2\/users\/2"}],"replies":[{"embeddable":true,"href":"https:\/\/www.claret.org\/pt-pt\/wp-json\/wp\/v2\/comments?post=24871"}],"version-history":[{"count":0,"href":"https:\/\/www.claret.org\/pt-pt\/wp-json\/wp\/v2\/posts\/24871\/revisions"}],"wp:featuredmedia":[{"embeddable":true,"href":"https:\/\/www.claret.org\/pt-pt\/wp-json\/wp\/v2\/media\/24854"}],"wp:attachment":[{"href":"https:\/\/www.claret.org\/pt-pt\/wp-json\/wp\/v2\/media?parent=24871"}],"wp:term":[{"taxonomy":"category","embeddable":true,"href":"https:\/\/www.claret.org\/pt-pt\/wp-json\/wp\/v2\/categories?post=24871"},{"taxonomy":"post_tag","embeddable":true,"href":"https:\/\/www.claret.org\/pt-pt\/wp-json\/wp\/v2\/tags?post=24871"}],"curies":[{"name":"wp","href":"https:\/\/api.w.org\/{rel}","templated":true}]}}