{"id":26091,"date":"2018-08-18T00:00:01","date_gmt":"2018-08-17T22:00:01","guid":{"rendered":"https:\/\/www.claret.org\/?p=26091"},"modified":"2018-08-18T00:00:01","modified_gmt":"2018-08-17T22:00:01","slug":"18-agosto","status":"publish","type":"post","link":"https:\/\/www.claret.org\/pt-pt\/18-agosto\/","title":{"rendered":"18 Agosto"},"content":{"rendered":"<div class=\"field field-name-field-meditacion-cita-texto field-type-text-long field-label-hidden\">\n<div class=\"field-items\">\n<div class=\"field-item even\">A mim devem desde setembro e a voc\u00eas desde abril deste ano. Eu sinto fazer esta queixa \u00e0 Sua Majestade, e estou certo de que ter\u00e1 um desgosto e, por outro lado, perder\u00e3o o lugar alguns empregados distra\u00eddos (&#8230;). Eu estou prestando um servi\u00e7o mais importante e mais exposto, como j\u00e1 sabe, no dia 22 do m\u00eas passado n\u00e3o me degolaram por um milagre, por sorte estava ao lado da Sua Majestade.<\/div>\n<\/div>\n<\/div>\n<div class=\"field field-name-field-meditacion-cita field-type-text field-label-hidden\">\n<div class=\"field-items\">\n<div class=\"field-item even\">Carta a Manuel Jos\u00e9 Miura, 23 julho 1866, em EC II, p. 1030<\/div>\n<\/div>\n<\/div>\n<div class=\"titulo-meditacion\">\n<h2>ARRISCANDO A VIDA<\/h2>\n<\/div>\n<div class=\"field field-name-body field-type-text-with-summary field-label-hidden\">\n<div class=\"field-items\">\n<div class=\"field-item even\">\n<p>Claret mostra nesta passagem um grande realismo e fina sensibilidade social, juntamente com a consci\u00eancia de sua miss\u00e3o e o desejo de ser fiel \u00e0 mesma. Efetivamente, por uma parte, est\u00e1 com os p\u00e9s no ch\u00e3o, est\u00e1 consciente de certas injusti\u00e7as: ao senhor Miura, grande colaborador seu em Santiago de Cuba, n\u00e3o lhe pagaram o que lhe correspondia. Mas, em sua perspic\u00e1cia, prev\u00ea que, se denuncia o fato, fica evidente a falha de alguns funcion\u00e1rios, que por sua vez podem ser despedidos. Sua conhecida compaix\u00e3o o leva, ainda, a evitar um desgosto para a Rainha Isabel II, pois Claret sabe a seriedade com que ela toma os assuntos que atingem a ele ou \u00e0 Igreja.<br \/>\nClaret prefere sofrer a injusti\u00e7a: uma vez mais nos mostra sua grandeza de cora\u00e7\u00e3o. E nos fala da sua fidelidade a algo superior: a sua miss\u00e3o de confessor da Rainha, embora corra risco de morte. Uma verdadeira hierarquia de valores que poder\u00edamos citar nesta ordem, perfeitamente v\u00e1lida tamb\u00e9m hoje, ordem que n\u00e3o anula nenhum dos valores em quest\u00e3o: a fidelidade \u00e0 miss\u00e3o apost\u00f3lica recebida, a justi\u00e7a social e a delicadeza para n\u00e3o ferir as pessoas.<br \/>\nNa alma de Claret a perspectiva do mart\u00edrio esteve sempre presente em seus anos de Madri; mas n\u00e3o era nada novo, pois j\u00e1 a cultivava em Cuba e, antes, em sua Catalunha natal: \u201cmuit\u00edssimas vezes corria a voz de que me haviam assassinado e as boas almas j\u00e1 me aplicavam sufr\u00e1gios\u201d (Aut 464); uma vida acompanhada sempre pela cruz: a cruz do trabalho, a cruz do seu dever como mission\u00e1rio, a cruz \u00edntima da sua configura\u00e7\u00e3o com Jesus crucificado para espiar os pecados do mundo.<br \/>\nSinto os problemas da sociedade em que me encontro? Eu os vivo em fidelidade \u00e0 miss\u00e3o que Deus me tem confiado, sejam eles quais forem?<\/p>\n<\/div>\n<\/div>\n<\/div>\n<div class=\"field field-name-field-meditacion-compartir field-type-addthis field-label-hidden\">\n<div class=\"field-items\">\n<div class=\"field-item even\">\n<div class=\"addthis_toolbox addthis_default_style  \"><\/div>\n<\/div>\n<\/div>\n<\/div>\n","protected":false},"excerpt":{"rendered":"<p>A mim devem desde setembro e a voc\u00eas desde abril deste ano. Eu sinto fazer esta queixa \u00e0 Sua Majestade, e estou certo de que ter\u00e1 um desgosto e, por outro lado, perder\u00e3o o lugar alguns empregados distra\u00eddos (&#8230;). Eu estou prestando um servi\u00e7o mais importante e mais exposto, como j\u00e1 sabe, no dia 22 [&hellip;]<\/p>\n","protected":false},"author":1,"featured_media":0,"comment_status":"closed","ping_status":"closed","sticky":false,"template":"","format":"standard","meta":{"_et_pb_use_builder":"","_et_pb_old_content":"","_et_gb_content_width":"","footnotes":""},"categories":[527],"tags":[],"class_list":["post-26091","post","type-post","status-publish","format-standard","hentry","category-claret-com-voce"],"jetpack_featured_media_url":"","jetpack_sharing_enabled":true,"jetpack_shortlink":"https:\/\/wp.me\/pdaBmi-6MP","jetpack_likes_enabled":true,"_links":{"self":[{"href":"https:\/\/www.claret.org\/pt-pt\/wp-json\/wp\/v2\/posts\/26091","targetHints":{"allow":["GET"]}}],"collection":[{"href":"https:\/\/www.claret.org\/pt-pt\/wp-json\/wp\/v2\/posts"}],"about":[{"href":"https:\/\/www.claret.org\/pt-pt\/wp-json\/wp\/v2\/types\/post"}],"author":[{"embeddable":true,"href":"https:\/\/www.claret.org\/pt-pt\/wp-json\/wp\/v2\/users\/1"}],"replies":[{"embeddable":true,"href":"https:\/\/www.claret.org\/pt-pt\/wp-json\/wp\/v2\/comments?post=26091"}],"version-history":[{"count":0,"href":"https:\/\/www.claret.org\/pt-pt\/wp-json\/wp\/v2\/posts\/26091\/revisions"}],"wp:attachment":[{"href":"https:\/\/www.claret.org\/pt-pt\/wp-json\/wp\/v2\/media?parent=26091"}],"wp:term":[{"taxonomy":"category","embeddable":true,"href":"https:\/\/www.claret.org\/pt-pt\/wp-json\/wp\/v2\/categories?post=26091"},{"taxonomy":"post_tag","embeddable":true,"href":"https:\/\/www.claret.org\/pt-pt\/wp-json\/wp\/v2\/tags?post=26091"}],"curies":[{"name":"wp","href":"https:\/\/api.w.org\/{rel}","templated":true}]}}