{"id":26178,"date":"2018-08-14T15:35:08","date_gmt":"2018-08-14T13:35:08","guid":{"rendered":"https:\/\/www.claret.org\/sos-para-a-provincia-de-st-thomas\/"},"modified":"2018-08-14T15:35:08","modified_gmt":"2018-08-14T13:35:08","slug":"sos-para-a-provincia-de-st-thomas","status":"publish","type":"post","link":"https:\/\/www.claret.org\/pt-pt\/sos-para-a-provincia-de-st-thomas\/","title":{"rendered":"SOS para a Prov\u00edncia de St. Thomas"},"content":{"rendered":"<div class=\"gmail_default\"><span style=\"font-family: verdana, sans-serif;\">Fortes chuvas e deslizamentos de terra afetaram a comunidade claretiana da Prov\u00edncia de St. Thomas em Vythiri, deixando submerso o primeiro andar da casa, da escola e da igreja paroquial, al\u00e9m de ve\u00edculos, equipamentos eletr\u00f4nicos, campos, po\u00e7os,&#8230; S\u00e3o 5.000 pessoas atingidas. <\/span><\/div>\n<div><\/div>\n<div class=\"gmail_default\"><span style=\"font-family: verdana, sans-serif;\">Os Mission\u00e1rios Claretianos, juntamente com as Mission\u00e1rias Claretianas (RMI) e o Movimento de Leigos Claretianos j\u00e1 enviaram um primeiro donativo, enquanto este pedido de socorro se divulgue e outras pessoas, comunidades, institui\u00e7\u00f5es se somem ao nosso esfor\u00e7o e respondam tamb\u00e9m generosamente, enviando donativos diretamente para a comunidade de Vythiri da Prov\u00edncia de St. Thomas ou para nosso Fundo SOS de Roma. Obrigado. <\/span><\/div>\n<div><\/div>\n<div class=\"gmail_default\"><span style=\"font-family: verdana, sans-serif;\">Continuamos em comunh\u00e3o e em solidariedade com Vythiri.<\/span><\/div>\n<div class=\"gmail_default\"><span style=\"font-family: verdana, sans-serif;\"> <\/span><\/div>\n<div class=\"gmail_default\"><span style=\"font-family: verdana, sans-serif;\">P. Artur Teixeira, CMF<\/span><\/div>\n<div class=\"gmail_default\"><span style=\"font-family: verdana, sans-serif;\">Prefecto General de Apostolado<\/span><\/div>\n","protected":false},"excerpt":{"rendered":"<p>Fortes chuvas e deslizamentos de terra afetaram a comunidade claretiana da Prov\u00edncia de St. Thomas em Vythiri, deixando submerso o primeiro andar da casa, da escola e da igreja paroquial, al\u00e9m de ve\u00edculos, equipamentos eletr\u00f4nicos, campos, po\u00e7os,&#8230; S\u00e3o 5.000 pessoas atingidas. Os Mission\u00e1rios Claretianos, juntamente com as Mission\u00e1rias Claretianas (RMI) e o Movimento de Leigos [&hellip;]<\/p>\n","protected":false},"author":2,"featured_media":26161,"comment_status":"closed","ping_status":"closed","sticky":false,"template":"","format":"standard","meta":{"_et_pb_use_builder":"","_et_pb_old_content":"","_et_gb_content_width":"","footnotes":""},"categories":[529,442,250],"tags":[],"class_list":["post-26178","post","type-post","status-publish","format-standard","has-post-thumbnail","hentry","category-familia-claretiana-pt-pt","category-solidariedade-e-missao","category-st-thomas-pt-pt"],"jetpack_featured_media_url":"https:\/\/i0.wp.com\/www.claret.org\/wp-content\/uploads\/2018\/08\/SOS_002_Vythiry-India_CMF-St-Thomas-Prov_ENG.jpg?fit=1038%2C725&ssl=1","jetpack_sharing_enabled":true,"jetpack_shortlink":"https:\/\/wp.me\/pdaBmi-6Oe","jetpack_likes_enabled":true,"_links":{"self":[{"href":"https:\/\/www.claret.org\/pt-pt\/wp-json\/wp\/v2\/posts\/26178","targetHints":{"allow":["GET"]}}],"collection":[{"href":"https:\/\/www.claret.org\/pt-pt\/wp-json\/wp\/v2\/posts"}],"about":[{"href":"https:\/\/www.claret.org\/pt-pt\/wp-json\/wp\/v2\/types\/post"}],"author":[{"embeddable":true,"href":"https:\/\/www.claret.org\/pt-pt\/wp-json\/wp\/v2\/users\/2"}],"replies":[{"embeddable":true,"href":"https:\/\/www.claret.org\/pt-pt\/wp-json\/wp\/v2\/comments?post=26178"}],"version-history":[{"count":0,"href":"https:\/\/www.claret.org\/pt-pt\/wp-json\/wp\/v2\/posts\/26178\/revisions"}],"wp:featuredmedia":[{"embeddable":true,"href":"https:\/\/www.claret.org\/pt-pt\/wp-json\/wp\/v2\/media\/26161"}],"wp:attachment":[{"href":"https:\/\/www.claret.org\/pt-pt\/wp-json\/wp\/v2\/media?parent=26178"}],"wp:term":[{"taxonomy":"category","embeddable":true,"href":"https:\/\/www.claret.org\/pt-pt\/wp-json\/wp\/v2\/categories?post=26178"},{"taxonomy":"post_tag","embeddable":true,"href":"https:\/\/www.claret.org\/pt-pt\/wp-json\/wp\/v2\/tags?post=26178"}],"curies":[{"name":"wp","href":"https:\/\/api.w.org\/{rel}","templated":true}]}}