{"id":27595,"date":"2018-09-01T10:04:10","date_gmt":"2018-09-01T08:04:10","guid":{"rendered":"https:\/\/www.claret.org\/claretians-ark-socorro-para-kerala\/"},"modified":"2018-09-01T22:24:45","modified_gmt":"2018-09-01T20:24:45","slug":"claretians-ark-socorro-para-kerala","status":"publish","type":"post","link":"https:\/\/www.claret.org\/pt-pt\/claretians-ark-socorro-para-kerala\/","title":{"rendered":"Claretian&#8217;s ARK (Socorro para Kerala)"},"content":{"rendered":"<p>O video \u00e9 sobre <em>Claretian&#8217;s Action and Relief for Kerala<\/em> (Socorro para Kerala), uma iniciativa social da Prov\u00edncia de St. Thomas para os afetados pelas inunda\u00e7\u00f5es em  Kerala.<\/p>\n","protected":false},"excerpt":{"rendered":"<p>O video \u00e9 sobre Claretian&#8217;s Action and Relief for Kerala (Socorro para Kerala), uma iniciativa social da Prov\u00edncia de St. Thomas para os afetados pelas inunda\u00e7\u00f5es em Kerala.<\/p>\n","protected":false},"author":2,"featured_media":27585,"comment_status":"closed","ping_status":"closed","sticky":false,"template":"","format":"standard","meta":{"_et_pb_use_builder":"","_et_pb_old_content":"","_et_gb_content_width":"","footnotes":""},"categories":[220,442,250],"tags":[],"class_list":["post-27595","post","type-post","status-publish","format-standard","has-post-thumbnail","hentry","category-ascla-west-pt-pt","category-solidariedade-e-missao","category-st-thomas-pt-pt"],"jetpack_featured_media_url":"https:\/\/i0.wp.com\/www.claret.org\/wp-content\/uploads\/2018\/09\/Screenshot-2018-09-01-10.02.33.png?fit=1920%2C1080&ssl=1","jetpack_sharing_enabled":true,"jetpack_shortlink":"https:\/\/wp.me\/pdaBmi-7b5","jetpack_likes_enabled":true,"_links":{"self":[{"href":"https:\/\/www.claret.org\/pt-pt\/wp-json\/wp\/v2\/posts\/27595","targetHints":{"allow":["GET"]}}],"collection":[{"href":"https:\/\/www.claret.org\/pt-pt\/wp-json\/wp\/v2\/posts"}],"about":[{"href":"https:\/\/www.claret.org\/pt-pt\/wp-json\/wp\/v2\/types\/post"}],"author":[{"embeddable":true,"href":"https:\/\/www.claret.org\/pt-pt\/wp-json\/wp\/v2\/users\/2"}],"replies":[{"embeddable":true,"href":"https:\/\/www.claret.org\/pt-pt\/wp-json\/wp\/v2\/comments?post=27595"}],"version-history":[{"count":0,"href":"https:\/\/www.claret.org\/pt-pt\/wp-json\/wp\/v2\/posts\/27595\/revisions"}],"wp:featuredmedia":[{"embeddable":true,"href":"https:\/\/www.claret.org\/pt-pt\/wp-json\/wp\/v2\/media\/27585"}],"wp:attachment":[{"href":"https:\/\/www.claret.org\/pt-pt\/wp-json\/wp\/v2\/media?parent=27595"}],"wp:term":[{"taxonomy":"category","embeddable":true,"href":"https:\/\/www.claret.org\/pt-pt\/wp-json\/wp\/v2\/categories?post=27595"},{"taxonomy":"post_tag","embeddable":true,"href":"https:\/\/www.claret.org\/pt-pt\/wp-json\/wp\/v2\/tags?post=27595"}],"curies":[{"name":"wp","href":"https:\/\/api.w.org\/{rel}","templated":true}]}}