{"id":28201,"date":"2018-09-05T00:01:23","date_gmt":"2018-09-04T22:01:23","guid":{"rendered":"https:\/\/www.claret.org\/ordenacoes-em-west-nigeria\/"},"modified":"2018-09-05T00:01:23","modified_gmt":"2018-09-04T22:01:23","slug":"ordenacoes-em-west-nigeria","status":"publish","type":"post","link":"https:\/\/www.claret.org\/pt-pt\/ordenacoes-em-west-nigeria\/","title":{"rendered":"Ordena\u00e7\u00f5es em West Nigeria"},"content":{"rendered":"<p><strong>Ibadan, Nig\u00e9ria. <\/strong>No dia 2 de setembro de 2018, o D. Gabriel &#8216;Leke Abegunrin, Arcebispo Metropolitano de Ibadan, ordenou nossos irm\u00e3os da Delega\u00e7\u00e3o Independente da West Nigeria: John Useni Gabriel, CMF, como Presb\u00edtero e os EE. Philipmario Agada, Timothy Terlumun Amaku, Paul Eneojo Ameh, Jude Akaluzia Ofuani, CMFF, como Di\u00e1conos &#8211; na Casa de Teolog\u00eda Claret, Elerumoke Ibadan.<\/p>\n<p>&nbsp;<\/p>\n<p>&nbsp;<\/p>\n<p>&nbsp;<\/p>\n","protected":false},"excerpt":{"rendered":"<p>Ibadan, Nig\u00e9ria. No dia 2 de setembro de 2018, o D. Gabriel &#8216;Leke Abegunrin, Arcebispo Metropolitano de Ibadan, ordenou nossos irm\u00e3os da Delega\u00e7\u00e3o Independente da West Nigeria: John Useni Gabriel, CMF, como Presb\u00edtero e os EE. Philipmario Agada, Timothy Terlumun Amaku, Paul Eneojo Ameh, Jude Akaluzia Ofuani, CMFF, como Di\u00e1conos &#8211; na Casa de Teolog\u00eda [&hellip;]<\/p>\n","protected":false},"author":2,"featured_media":27921,"comment_status":"closed","ping_status":"closed","sticky":false,"template":"","format":"standard","meta":{"_et_pb_use_builder":"","_et_pb_old_content":"","_et_gb_content_width":"","footnotes":""},"categories":[983,191,574],"tags":[],"class_list":["post-28201","post","type-post","status-publish","format-standard","has-post-thumbnail","hentry","category-acla-pt-pt","category-west-nigeria-pt-pt","category-ordenacoes"],"jetpack_featured_media_url":"https:\/\/i0.wp.com\/www.claret.org\/wp-content\/uploads\/2018\/09\/Ordinations-in-West-Nigeria-09022018-1.jpg?fit=960%2C720&ssl=1","jetpack_sharing_enabled":true,"jetpack_shortlink":"https:\/\/wp.me\/pdaBmi-7kR","jetpack_likes_enabled":true,"_links":{"self":[{"href":"https:\/\/www.claret.org\/pt-pt\/wp-json\/wp\/v2\/posts\/28201","targetHints":{"allow":["GET"]}}],"collection":[{"href":"https:\/\/www.claret.org\/pt-pt\/wp-json\/wp\/v2\/posts"}],"about":[{"href":"https:\/\/www.claret.org\/pt-pt\/wp-json\/wp\/v2\/types\/post"}],"author":[{"embeddable":true,"href":"https:\/\/www.claret.org\/pt-pt\/wp-json\/wp\/v2\/users\/2"}],"replies":[{"embeddable":true,"href":"https:\/\/www.claret.org\/pt-pt\/wp-json\/wp\/v2\/comments?post=28201"}],"version-history":[{"count":0,"href":"https:\/\/www.claret.org\/pt-pt\/wp-json\/wp\/v2\/posts\/28201\/revisions"}],"wp:featuredmedia":[{"embeddable":true,"href":"https:\/\/www.claret.org\/pt-pt\/wp-json\/wp\/v2\/media\/27921"}],"wp:attachment":[{"href":"https:\/\/www.claret.org\/pt-pt\/wp-json\/wp\/v2\/media?parent=28201"}],"wp:term":[{"taxonomy":"category","embeddable":true,"href":"https:\/\/www.claret.org\/pt-pt\/wp-json\/wp\/v2\/categories?post=28201"},{"taxonomy":"post_tag","embeddable":true,"href":"https:\/\/www.claret.org\/pt-pt\/wp-json\/wp\/v2\/tags?post=28201"}],"curies":[{"name":"wp","href":"https:\/\/api.w.org\/{rel}","templated":true}]}}