{"id":30461,"date":"2018-10-09T00:00:19","date_gmt":"2018-10-08T22:00:19","guid":{"rendered":"https:\/\/www.claret.org\/?p=30461"},"modified":"2018-10-09T00:00:19","modified_gmt":"2018-10-08T22:00:19","slug":"9-outubro","status":"publish","type":"post","link":"https:\/\/www.claret.org\/pt-pt\/9-outubro\/","title":{"rendered":"9 Outubro"},"content":{"rendered":"<div class=\"field field-name-field-meditacion-cita-texto field-type-text-long field-label-hidden\">\n<div class=\"field-items\">\n<div class=\"field-item even\">Como comecei as miss\u00f5es no ano de 1840, em que nos ach\u00e1vamos em guerra civil entre Realistas e Constitucionalistas, ia com muito cuidado para n\u00e3o dizer alguma palavra sobre pol\u00edtica, a favor ou contra algum dos partidos.<\/div>\n<\/div>\n<\/div>\n<div class=\"field field-name-field-meditacion-cita field-type-text field-label-hidden\">\n<div class=\"field-items\">\n<div class=\"field-item even\">Aut 291<\/div>\n<\/div>\n<\/div>\n<div class=\"titulo-meditacion\">\n<h2>ENTREGUE A TODOS<\/h2>\n<\/div>\n<div class=\"field field-name-body field-type-text-with-summary field-label-hidden\">\n<div class=\"field-items\">\n<div class=\"field-item even\">\n<p>Claret foi acusado de ser o pol\u00edtico da aparente \u2018n\u00e3o-pol\u00edtica\u2019. Esteve muito consciente da situa\u00e7\u00e3o que lhe tocou viver. Dava valor ao servi\u00e7o que os pol\u00edticos devem prestar para o bem comum. Mas o fato de ter-se sentido, em seus anos de pregador popular pela Catalunha, \u201cespiado\u201d por uns partidos e por outros, criou nele uma avers\u00e3o quase visceral a tudo o que cheirasse a pol\u00edtica. Seus escritos nos deixam a impress\u00e3o de que sua \u00e9poca mais feliz foi o ano e meio passado em Can\u00e1rias, muito provavelmente por n\u00e3o ter encontrado ali lutas partid\u00e1rias.<br \/>\nDesde seus diversos cargos (Arcebispo de Santiago de Cuba e Confessor da Rainha Isabel II), \u00e0s vezes colaborou com eles e influiu quanto pode para que os valores do evangelho inspirassem a conviv\u00eancia social, Mas, por instinto e por sentido pastoral, manteve-se distante da luta entre partidos e pediu a seus mission\u00e1rios que seguissem esta mesma linha de conduta.<br \/>\nIsto n\u00e3o significa, naturalmente, que devemos permanecer \u00e0 margem dos projetos e decis\u00f5es que guiam a conviv\u00eancia social. Mas, salvo quando est\u00e3o em jogo valores fundamentais, o evangelizador deve limitar-se a propor os valores do evangelho sem inclinar-se a op\u00e7\u00f5es pol\u00edticas concretas, quase sempre discut\u00edveis, que poriam em perigo sua liberdade e, sobretudo, a necess\u00e1ria aten\u00e7\u00e3o aos que mant\u00e9m posturas diferentes. Compromisso claro com os valores essenciais (como por exemplo, sua den\u00fancia da escravid\u00e3o em Cuba), prud\u00eancia e inclusive dist\u00e2ncia cr\u00edtica diante das diferentes media\u00e7\u00f5es pol\u00edticas constituem a \u2018pol\u00edtica\u2019 de Claret, que pode iluminar tamb\u00e9m nossa maneira atual de comportamento diante do panorama social.<\/p>\n<\/div>\n<\/div>\n<\/div>\n<div class=\"field field-name-field-meditacion-compartir field-type-addthis field-label-hidden\">\n<div class=\"field-items\">\n<div class=\"field-item even\">\n<div class=\"addthis_toolbox addthis_default_style  \"><\/div>\n<\/div>\n<\/div>\n<\/div>\n","protected":false},"excerpt":{"rendered":"<p>Como comecei as miss\u00f5es no ano de 1840, em que nos ach\u00e1vamos em guerra civil entre Realistas e Constitucionalistas, ia com muito cuidado para n\u00e3o dizer alguma palavra sobre pol\u00edtica, a favor ou contra algum dos partidos. Aut 291 ENTREGUE A TODOS Claret foi acusado de ser o pol\u00edtico da aparente \u2018n\u00e3o-pol\u00edtica\u2019. Esteve muito consciente [&hellip;]<\/p>\n","protected":false},"author":1,"featured_media":0,"comment_status":"closed","ping_status":"closed","sticky":false,"template":"","format":"standard","meta":{"_et_pb_use_builder":"","_et_pb_old_content":"","_et_gb_content_width":"","footnotes":""},"categories":[527],"tags":[],"class_list":["post-30461","post","type-post","status-publish","format-standard","hentry","category-claret-com-voce"],"jetpack_featured_media_url":"","jetpack_sharing_enabled":true,"jetpack_shortlink":"https:\/\/wp.me\/pdaBmi-7Vj","jetpack_likes_enabled":true,"_links":{"self":[{"href":"https:\/\/www.claret.org\/pt-pt\/wp-json\/wp\/v2\/posts\/30461","targetHints":{"allow":["GET"]}}],"collection":[{"href":"https:\/\/www.claret.org\/pt-pt\/wp-json\/wp\/v2\/posts"}],"about":[{"href":"https:\/\/www.claret.org\/pt-pt\/wp-json\/wp\/v2\/types\/post"}],"author":[{"embeddable":true,"href":"https:\/\/www.claret.org\/pt-pt\/wp-json\/wp\/v2\/users\/1"}],"replies":[{"embeddable":true,"href":"https:\/\/www.claret.org\/pt-pt\/wp-json\/wp\/v2\/comments?post=30461"}],"version-history":[{"count":0,"href":"https:\/\/www.claret.org\/pt-pt\/wp-json\/wp\/v2\/posts\/30461\/revisions"}],"wp:attachment":[{"href":"https:\/\/www.claret.org\/pt-pt\/wp-json\/wp\/v2\/media?parent=30461"}],"wp:term":[{"taxonomy":"category","embeddable":true,"href":"https:\/\/www.claret.org\/pt-pt\/wp-json\/wp\/v2\/categories?post=30461"},{"taxonomy":"post_tag","embeddable":true,"href":"https:\/\/www.claret.org\/pt-pt\/wp-json\/wp\/v2\/tags?post=30461"}],"curies":[{"name":"wp","href":"https:\/\/api.w.org\/{rel}","templated":true}]}}