{"id":31868,"date":"2018-10-22T00:00:09","date_gmt":"2018-10-21T22:00:09","guid":{"rendered":"https:\/\/www.claret.org\/?p=31868"},"modified":"2018-10-22T00:00:09","modified_gmt":"2018-10-21T22:00:09","slug":"22-outubro","status":"publish","type":"post","link":"https:\/\/www.claret.org\/pt-pt\/22-outubro\/","title":{"rendered":"22 Outubro"},"content":{"rendered":"<div class=\"field field-name-field-meditacion-cita-texto field-type-text-long field-label-hidden\">\n<div class=\"field-items\">\n<div class=\"field-item even\">Se quiser crescer na contempla\u00e7\u00e3o e na uni\u00e3o com Deus seja homem de ora\u00e7\u00e3o, pois na ora\u00e7\u00e3o se recebe a un\u00e7\u00e3o do Esp\u00edrito Santo, que ajuda o entendimento e com o exerc\u00edcio da ora\u00e7\u00e3o se adquire a contempla\u00e7\u00e3o e o gosto pelas coisas celestiais.<\/div>\n<\/div>\n<\/div>\n<div class=\"field field-name-field-meditacion-cita field-type-text field-label-hidden\">\n<div class=\"field-items\">\n<div class=\"field-item even\">Di\u00e1logos sobre a ora\u00e7\u00e3o, em T. DE VILLACAST\u00cdN, Manual de Exerc\u00edcios Espirituais. Barcelona 1864; p. 14<\/div>\n<\/div>\n<\/div>\n<div class=\"titulo-meditacion\">\n<h2>ORAR \u00c9 INTERIORIZAR<\/h2>\n<\/div>\n<div class=\"field field-name-body field-type-text-with-summary field-label-hidden\">\n<div class=\"field-items\">\n<div class=\"field-item even\">\n<p>Mostrando mais uma vez sua pedagogia, Claret apresenta a ora\u00e7\u00e3o como a media\u00e7\u00e3o necess\u00e1ria para quem quer conseguir uma s\u00e9rie de objetivos desej\u00e1veis para um disc\u00edpulo de Cristo. Sua formula\u00e7\u00e3o, feita com a linguagem do s\u00e9culo XIX, pode soar esquisita, mas seu conte\u00fado \u00e9 muito atual e f\u00e1cil de entender.<br \/>\nA ora\u00e7\u00e3o ajuda a superar tribula\u00e7\u00f5es e tenta\u00e7\u00f5es, a combater os maus costumes, a adquirir virtudes e a extirpar v\u00edcios, a viver com alegria os momentos complicados, a progredir no caminho do Esp\u00edrito, a manter com const\u00e2ncia o prop\u00f3sito de responder e servir o Senhor. A ora\u00e7\u00e3o \u00e9 um dos meios privilegiados que o Esp\u00edrito usa para atualizar sua presen\u00e7a em n\u00f3s. Batizados e ungidos pelos sacramentos da inicia\u00e7\u00e3o, atrav\u00e9s da ora\u00e7\u00e3o o Pai reaviva em n\u00f3s sua gra\u00e7a, fortalece nosso \u00e2nimo e nos adestra para combater o mal.<br \/>\nClaret usa uma express\u00e3o muito bela: conv\u00e9m a n\u00f3s sermos \u2018homens e mulheres de ora\u00e7\u00e3o\u2019. Vivemos em culturas que privilegiam o instant\u00e2neo, o fulminante, o vertiginoso. Mas algumas das realidades mais valiosas da vida (o amor, a beleza, o perd\u00e3o, a bondade, o servi\u00e7o, a gratid\u00e3o) requerem tempo e crescem e florescem em processos lentos, n\u00e3o isentos de dificuldades, onde a const\u00e2ncia tem um grande papel. N\u00e3o se trata de ter brilhantes momentos de ora\u00e7\u00e3o, mas de se converter em pessoas que se distingam pela ora\u00e7\u00e3o com frequ\u00eancia e com const\u00e2ncia. Uma vez mais Claret nos mostra o bom caminho.<br \/>\nVoc\u00ea \u00e9 uma pessoa orante ou s\u00f3 rezador? Foi pouco a pouco tendo gosto pelas coisas celestiais?<\/p>\n<\/div>\n<\/div>\n<\/div>\n","protected":false},"excerpt":{"rendered":"<p>Se quiser crescer na contempla\u00e7\u00e3o e na uni\u00e3o com Deus seja homem de ora\u00e7\u00e3o, pois na ora\u00e7\u00e3o se recebe a un\u00e7\u00e3o do Esp\u00edrito Santo, que ajuda o entendimento e com o exerc\u00edcio da ora\u00e7\u00e3o se adquire a contempla\u00e7\u00e3o e o gosto pelas coisas celestiais. Di\u00e1logos sobre a ora\u00e7\u00e3o, em T. DE VILLACAST\u00cdN, Manual de Exerc\u00edcios [&hellip;]<\/p>\n","protected":false},"author":1,"featured_media":0,"comment_status":"closed","ping_status":"closed","sticky":false,"template":"","format":"standard","meta":{"_et_pb_use_builder":"","_et_pb_old_content":"","_et_gb_content_width":"","footnotes":""},"categories":[527],"tags":[],"class_list":["post-31868","post","type-post","status-publish","format-standard","hentry","category-claret-com-voce"],"jetpack_featured_media_url":"","jetpack_sharing_enabled":true,"jetpack_shortlink":"https:\/\/wp.me\/pdaBmi-8i0","jetpack_likes_enabled":true,"_links":{"self":[{"href":"https:\/\/www.claret.org\/pt-pt\/wp-json\/wp\/v2\/posts\/31868","targetHints":{"allow":["GET"]}}],"collection":[{"href":"https:\/\/www.claret.org\/pt-pt\/wp-json\/wp\/v2\/posts"}],"about":[{"href":"https:\/\/www.claret.org\/pt-pt\/wp-json\/wp\/v2\/types\/post"}],"author":[{"embeddable":true,"href":"https:\/\/www.claret.org\/pt-pt\/wp-json\/wp\/v2\/users\/1"}],"replies":[{"embeddable":true,"href":"https:\/\/www.claret.org\/pt-pt\/wp-json\/wp\/v2\/comments?post=31868"}],"version-history":[{"count":0,"href":"https:\/\/www.claret.org\/pt-pt\/wp-json\/wp\/v2\/posts\/31868\/revisions"}],"wp:attachment":[{"href":"https:\/\/www.claret.org\/pt-pt\/wp-json\/wp\/v2\/media?parent=31868"}],"wp:term":[{"taxonomy":"category","embeddable":true,"href":"https:\/\/www.claret.org\/pt-pt\/wp-json\/wp\/v2\/categories?post=31868"},{"taxonomy":"post_tag","embeddable":true,"href":"https:\/\/www.claret.org\/pt-pt\/wp-json\/wp\/v2\/tags?post=31868"}],"curies":[{"name":"wp","href":"https:\/\/api.w.org\/{rel}","templated":true}]}}