{"id":32267,"date":"2018-11-04T00:00:43","date_gmt":"2018-11-03T22:00:43","guid":{"rendered":"https:\/\/www.claret.org\/?p=32267"},"modified":"2018-11-04T00:00:43","modified_gmt":"2018-11-03T22:00:43","slug":"4-novembro","status":"publish","type":"post","link":"https:\/\/www.claret.org\/pt-pt\/4-novembro\/","title":{"rendered":"4 Novembro"},"content":{"rendered":"<div class=\"field field-name-field-meditacion-cita-texto field-type-text-long field-label-hidden\">\n<div class=\"field-items\">\n<div class=\"field-item even\">Nunca cobrei um centavo como propriedade do que mandei imprimir; pelo contr\u00e1rio, dei gratuitamente milhares e milhares de exemplares e ainda hoje em dia estou doando e doarei at\u00e9 a morte.<\/div>\n<\/div>\n<\/div>\n<div class=\"field field-name-field-meditacion-cita field-type-text field-label-hidden\">\n<div class=\"field-items\">\n<div class=\"field-item even\">Aut 328<\/div>\n<\/div>\n<\/div>\n<div class=\"titulo-meditacion\">\n<h2>TESTEMUNHO IRREFUT\u00c1VEL<\/h2>\n<\/div>\n<div class=\"field field-name-body field-type-text-with-summary field-label-hidden\">\n<div class=\"field-items\">\n<div class=\"field-item even\">\n<p>A gratid\u00e3o \u00e9 uma experi\u00eancia que parece estar faltando hoje. Muitas vozes am\u00e1veis aparecem em nossas linhas telef\u00f4nicas, nas mensagens de texto e de outros modos, convidando-nos a solicitar e\/ou aderir a todo tipo de ofertas tentadoras que nos far\u00e3o a vida muito mais f\u00e1cil e prazerosa: \u201cEm que posso ajud\u00e1-lo?\u201d Mas por tr\u00e1s de cada oferta h\u00e1 muito interesse econ\u00f4mico e se move toda uma economia nem sempre limpa.<br \/>\nQuando algu\u00e9m se aproxima de nossas vidas por solidariedade, custa-nos confiar, j\u00e1 que tamb\u00e9m se incrementaram as redes de tr\u00e1fico de pessoas, de enganadores de todo tipo e, sobretudo, nas grandes cidades, reina um clima generalizado de desconfian\u00e7a. No entanto, o panorama n\u00e3o \u00e9 t\u00e3o sombrio, porque h\u00e1 muitas outras organiza\u00e7\u00f5es humanit\u00e1rias e religiosas que prestam servi\u00e7os gratuitos e tentam criar uma forma alternativa de rela\u00e7\u00f5es sociais.<br \/>\nO Padre Claret nos fala de sua evangeliza\u00e7\u00e3o por meio da distribui\u00e7\u00e3o de milhares de livros, folhetos, op\u00fasculos e estampas, distribui\u00e7\u00e3o sempre gratuita, eloquente sinal de que a \u201cpol\u00edtica de servi\u00e7o pelo Reino\u201d \u00e9 diferente. O fato de ter tra\u00e7ado um plano para que a literatura crist\u00e3 chegasse ao povo \u00e9 algo muito estimulante para nossa \u00e9poca.<br \/>\nMuitas vezes acontece que projetos de difus\u00e3o da Palavra de Deus ou outras iniciativas pastorais n\u00e3o prosperam ou n\u00e3o se estabelecem suficientemente por falta de bens destinados \u00e0 sua elabora\u00e7\u00e3o, manuten\u00e7\u00e3o e distribui\u00e7\u00e3o. Fica pois o convite a refor\u00e7ar uma cultura da solidariedade voltada a colocar tudo o que h\u00e1 de melhor de cada um e de cada comunidade para o servi\u00e7o evangelizador.<br \/>\nTalvez esta \u00faltima considera\u00e7\u00e3o tenha ressoado em seus ouvidos e voc\u00ea possa comentar com os vizinhos: como inventar modos gratuitos de espalhar o que \u00e9 bom, o Reino de Deus, em nossa sociedade?<\/p>\n<\/div>\n<\/div>\n<\/div>\n","protected":false},"excerpt":{"rendered":"<p>Nunca cobrei um centavo como propriedade do que mandei imprimir; pelo contr\u00e1rio, dei gratuitamente milhares e milhares de exemplares e ainda hoje em dia estou doando e doarei at\u00e9 a morte. Aut 328 TESTEMUNHO IRREFUT\u00c1VEL A gratid\u00e3o \u00e9 uma experi\u00eancia que parece estar faltando hoje. Muitas vozes am\u00e1veis aparecem em nossas linhas telef\u00f4nicas, nas mensagens [&hellip;]<\/p>\n","protected":false},"author":1,"featured_media":0,"comment_status":"closed","ping_status":"closed","sticky":false,"template":"","format":"standard","meta":{"_et_pb_use_builder":"","_et_pb_old_content":"","_et_gb_content_width":"","footnotes":""},"categories":[527],"tags":[],"class_list":["post-32267","post","type-post","status-publish","format-standard","hentry","category-claret-com-voce"],"jetpack_featured_media_url":"","jetpack_sharing_enabled":true,"jetpack_shortlink":"https:\/\/wp.me\/pdaBmi-8or","jetpack_likes_enabled":true,"_links":{"self":[{"href":"https:\/\/www.claret.org\/pt-pt\/wp-json\/wp\/v2\/posts\/32267","targetHints":{"allow":["GET"]}}],"collection":[{"href":"https:\/\/www.claret.org\/pt-pt\/wp-json\/wp\/v2\/posts"}],"about":[{"href":"https:\/\/www.claret.org\/pt-pt\/wp-json\/wp\/v2\/types\/post"}],"author":[{"embeddable":true,"href":"https:\/\/www.claret.org\/pt-pt\/wp-json\/wp\/v2\/users\/1"}],"replies":[{"embeddable":true,"href":"https:\/\/www.claret.org\/pt-pt\/wp-json\/wp\/v2\/comments?post=32267"}],"version-history":[{"count":0,"href":"https:\/\/www.claret.org\/pt-pt\/wp-json\/wp\/v2\/posts\/32267\/revisions"}],"wp:attachment":[{"href":"https:\/\/www.claret.org\/pt-pt\/wp-json\/wp\/v2\/media?parent=32267"}],"wp:term":[{"taxonomy":"category","embeddable":true,"href":"https:\/\/www.claret.org\/pt-pt\/wp-json\/wp\/v2\/categories?post=32267"},{"taxonomy":"post_tag","embeddable":true,"href":"https:\/\/www.claret.org\/pt-pt\/wp-json\/wp\/v2\/tags?post=32267"}],"curies":[{"name":"wp","href":"https:\/\/api.w.org\/{rel}","templated":true}]}}