{"id":32333,"date":"2018-10-23T22:23:06","date_gmt":"2018-10-23T20:23:06","guid":{"rendered":"https:\/\/www.claret.org\/encontro-dos-irmaos-missionarios-da-provincia-do-brasil\/"},"modified":"2018-10-23T22:23:06","modified_gmt":"2018-10-23T20:23:06","slug":"encontro-dos-irmaos-missionarios-da-provincia-do-brasil","status":"publish","type":"post","link":"https:\/\/www.claret.org\/pt-pt\/encontro-dos-irmaos-missionarios-da-provincia-do-brasil\/","title":{"rendered":"Encontro dos Irm\u00e3os Mission\u00e1rios da Prov\u00edncia do Brasil."},"content":{"rendered":"<p><strong>S\u00e3o Paulo, Brasil.<\/strong> Com o lema  &#8220;<em>Ser irm\u00e3o hoje: uma narra\u00e7\u00e3o da gra\u00e7a<\/em>&#8220;, aconteceu a reuni\u00e3o dos Irm\u00e3os Mission\u00e1rios da Prov\u00edncia do Brasil, com os membros do seu Governo Provincial na casa m\u00e3e de S\u00e3o Paulo, nos dia 12 e 13 de outubro de 2018. Todos os Irm\u00e3os professos e dois estudantes estiveram presentes.<\/p>\n<p>A reuni\u00e3o esteve marcada pela fraternidade, o estudo, a reflex\u00e3o, a partilha e a ora\u00e7\u00e3o. A reuni\u00e3o come\u00e7ou com a <em>Lectio Divina<\/em> sobre S\u00e3o Jo\u00e3o 2,1-10 (Solenidade de Nossa Senhora Aparecida). Entre os temas estudados e partilhados se destacaram os seguintes: contextualiza\u00e7\u00e3o s\u00f3cio-eclesial; o Irm\u00e3o Religioso na Igreja-comunh\u00e3o; o perfil do Irm\u00e3o Mission\u00e1rio Claretiano; o Irm\u00e3os Religioso: uma forma de viver a fraternidade de Jesus e o Irm\u00e3o: uma narra\u00e7\u00e3o da gra\u00e7a.<\/p>\n","protected":false},"excerpt":{"rendered":"<p>S\u00e3o Paulo, Brasil. Com o lema &#8220;Ser irm\u00e3o hoje: uma narra\u00e7\u00e3o da gra\u00e7a&#8220;, aconteceu a reuni\u00e3o dos Irm\u00e3os Mission\u00e1rios da Prov\u00edncia do Brasil, com os membros do seu Governo Provincial na casa m\u00e3e de S\u00e3o Paulo, nos dia 12 e 13 de outubro de 2018. Todos os Irm\u00e3os professos e dois estudantes estiveram presentes. A [&hellip;]<\/p>\n","protected":false},"author":2,"featured_media":32316,"comment_status":"closed","ping_status":"closed","sticky":false,"template":"","format":"standard","meta":{"_et_pb_use_builder":"","_et_pb_old_content":"","_et_gb_content_width":"","footnotes":""},"categories":[365,554],"tags":[],"class_list":["post-32333","post","type-post","status-publish","format-standard","has-post-thumbnail","hentry","category-brasil-pt-pt","category-irmaos"],"jetpack_featured_media_url":"https:\/\/i0.wp.com\/www.claret.org\/wp-content\/uploads\/2018\/10\/hermanos-brazil.jpg?fit=800%2C388&ssl=1","jetpack_sharing_enabled":true,"jetpack_shortlink":"https:\/\/wp.me\/pdaBmi-8pv","jetpack_likes_enabled":true,"_links":{"self":[{"href":"https:\/\/www.claret.org\/pt-pt\/wp-json\/wp\/v2\/posts\/32333","targetHints":{"allow":["GET"]}}],"collection":[{"href":"https:\/\/www.claret.org\/pt-pt\/wp-json\/wp\/v2\/posts"}],"about":[{"href":"https:\/\/www.claret.org\/pt-pt\/wp-json\/wp\/v2\/types\/post"}],"author":[{"embeddable":true,"href":"https:\/\/www.claret.org\/pt-pt\/wp-json\/wp\/v2\/users\/2"}],"replies":[{"embeddable":true,"href":"https:\/\/www.claret.org\/pt-pt\/wp-json\/wp\/v2\/comments?post=32333"}],"version-history":[{"count":0,"href":"https:\/\/www.claret.org\/pt-pt\/wp-json\/wp\/v2\/posts\/32333\/revisions"}],"wp:featuredmedia":[{"embeddable":true,"href":"https:\/\/www.claret.org\/pt-pt\/wp-json\/wp\/v2\/media\/32316"}],"wp:attachment":[{"href":"https:\/\/www.claret.org\/pt-pt\/wp-json\/wp\/v2\/media?parent=32333"}],"wp:term":[{"taxonomy":"category","embeddable":true,"href":"https:\/\/www.claret.org\/pt-pt\/wp-json\/wp\/v2\/categories?post=32333"},{"taxonomy":"post_tag","embeddable":true,"href":"https:\/\/www.claret.org\/pt-pt\/wp-json\/wp\/v2\/tags?post=32333"}],"curies":[{"name":"wp","href":"https:\/\/api.w.org\/{rel}","templated":true}]}}