{"id":33715,"date":"2018-11-09T19:15:42","date_gmt":"2018-11-09T17:15:42","guid":{"rendered":"https:\/\/www.claret.org\/comecou-o-primeiro-intercambio-educativo-claretiano-africa-europa\/"},"modified":"2018-11-09T19:15:42","modified_gmt":"2018-11-09T17:15:42","slug":"comecou-o-primeiro-intercambio-educativo-claretiano-africa-europa","status":"publish","type":"post","link":"https:\/\/www.claret.org\/pt-pt\/comecou-o-primeiro-intercambio-educativo-claretiano-africa-europa\/","title":{"rendered":"Come\u00e7ou o primeiro interc\u00e2mbio educativo claretiano (\u00c1frica-Europa)"},"content":{"rendered":"<p><strong>Madri, Espanha.<\/strong> Seis Claretianos da Prov\u00edncia Claretiana da Nig\u00e9ria Oriental, e das Delega\u00e7\u00f5es Independentes da Nig\u00e9ria Ocidental e S\u00e3o Carlos de Luanga (Qu\u00eania e Tanz\u00e2nia), participam do primeiro programa de interc\u00e2mbio de educa\u00e7\u00e3o claretiana organizado pela Prefeitura Geral de Apostolado em estreita colabora\u00e7\u00e3o com a Prov\u00edncia de Santiago. Durante os pr\u00f3ximos 9 dias ter\u00e3o oportunidade de partilhar sobre seu contexto africano e ver como se leva a cabo a evangeliza\u00e7\u00e3o atrav\u00e9s da educa\u00e7\u00e3o na Europa.<\/p>\n<p>Como experiencia de &#8220;ganar-ganar&#8221;, los que llegaron de \u00c1frica y los que albergan el grupo aprender\u00e1n y establecer\u00e1n contactos mientras interaccionan conjuntamente durante este intercambio. Ellos aprender\u00e1n: el enfoque congregacional en la Educaci\u00f3n, la Pastoral de la Educaci\u00f3n, la Pedagog\u00eda Claretiana y Cat\u00f3lica, la Innovaci\u00f3n, la Organizaci\u00f3n, la Capacitaci\u00f3n de Educadores, el Equipo Directivo y resto de Equipos, etc. Tambi\u00e9n visitar\u00e1n diferentes Escuelas Claretianas, Escuelas Parroquiales, otros modelos escolares, y ver\u00e1n la presencia y labor educativa y pastoral en las residencias universitarias claretianas.<\/p>\n<p>Este programa se ponde en marcha del 10 al 18 de noviembre de 2018. El 9 y 17 de febrero de 2019, un segundo grupo africano tendr\u00e1 una oportunidad similar. Luego, dentro de un a\u00f1o, los claretianos y los educadores de la Provincia de Santiago visitar\u00e1n uno de los Organismos Mayores de los participantes africanos.<\/p>\n<p>Adem\u00e1s de esta iniciativa, se ha realizado una gran inversi\u00f3n para especializar a los claretianos en este campo, recientemente se han construido decenas de escuelas en \u00c1frica y se est\u00e1 organizando un Congreso de Educadores en Guinea Ecuatorial para el a\u00f1o 2020.<\/p>\n<p>Si deseas saber m\u00e1s acerca de los objetivos y del programa de este 1er intercambio educativo claretiano, conocer los ecos de los participantes, ver algunas im\u00e1genes a medida que se desarrolla el programa, puede visitar <a href=\"http:\/\/www.apostoladocmf.org\/claretian-educational-interchange\" target=\"_blank\" rel=\"noopener nofollow\">the General Prefecture of Apostolate website<\/a> y sus respectivas cuentas de redes sociales.<\/p>\n<p><img data-recalc-dims=\"1\" loading=\"lazy\" decoding=\"async\" class=\"alignnone size-full wp-image-33693\" src=\"https:\/\/i0.wp.com\/www.claret.org\/wp-content\/uploads\/2018\/11\/Excahnge-Program.jpg?resize=1080%2C537&#038;ssl=1\" alt=\"\" width=\"1080\" height=\"537\" title=\"\" srcset=\"https:\/\/i0.wp.com\/www.claret.org\/wp-content\/uploads\/2018\/11\/Excahnge-Program.jpg?w=1280&amp;ssl=1 1280w, https:\/\/i0.wp.com\/www.claret.org\/wp-content\/uploads\/2018\/11\/Excahnge-Program.jpg?resize=300%2C149&amp;ssl=1 300w, https:\/\/i0.wp.com\/www.claret.org\/wp-content\/uploads\/2018\/11\/Excahnge-Program.jpg?resize=768%2C382&amp;ssl=1 768w, https:\/\/i0.wp.com\/www.claret.org\/wp-content\/uploads\/2018\/11\/Excahnge-Program.jpg?resize=1024%2C509&amp;ssl=1 1024w, https:\/\/i0.wp.com\/www.claret.org\/wp-content\/uploads\/2018\/11\/Excahnge-Program.jpg?resize=1080%2C537&amp;ssl=1 1080w\" sizes=\"(max-width: 1080px) 100vw, 1080px\" \/><\/p>\n<p>&nbsp;<\/p>\n<p>[envira-gallery id=&#8221;33672&#8243;]<\/p>\n","protected":false},"excerpt":{"rendered":"<p>Madri, Espanha. Seis Claretianos da Prov\u00edncia Claretiana da Nig\u00e9ria Oriental, e das Delega\u00e7\u00f5es Independentes da Nig\u00e9ria Ocidental e S\u00e3o Carlos de Luanga (Qu\u00eania e Tanz\u00e2nia), participam do primeiro programa de interc\u00e2mbio de educa\u00e7\u00e3o claretiana organizado pela Prefeitura Geral de Apostolado em estreita colabora\u00e7\u00e3o com a Prov\u00edncia de Santiago. Durante os pr\u00f3ximos 9 dias ter\u00e3o oportunidade [&hellip;]<\/p>\n","protected":false},"author":2,"featured_media":33670,"comment_status":"closed","ping_status":"closed","sticky":false,"template":"","format":"standard","meta":{"_et_pb_use_builder":"","_et_pb_old_content":"","_et_gb_content_width":"","footnotes":""},"categories":[410,143,191,424,339,186],"tags":[],"class_list":["post-33715","post","type-post","status-publish","format-standard","has-post-thumbnail","hentry","category-apostolado-pt-pt","category-east-nigeria-pt-pt","category-west-nigeria-pt-pt","category-pastoral-educativa-pt-pt","category-santiago-pt-pt","category-st-charles-lwanga-pt-pt"],"jetpack_featured_media_url":"https:\/\/i0.wp.com\/www.claret.org\/wp-content\/uploads\/2018\/11\/1st-CMF-Educational-Exchange-1.jpeg?fit=1600%2C1200&ssl=1","jetpack_sharing_enabled":true,"jetpack_shortlink":"https:\/\/wp.me\/pdaBmi-8LN","jetpack_likes_enabled":true,"_links":{"self":[{"href":"https:\/\/www.claret.org\/pt-pt\/wp-json\/wp\/v2\/posts\/33715","targetHints":{"allow":["GET"]}}],"collection":[{"href":"https:\/\/www.claret.org\/pt-pt\/wp-json\/wp\/v2\/posts"}],"about":[{"href":"https:\/\/www.claret.org\/pt-pt\/wp-json\/wp\/v2\/types\/post"}],"author":[{"embeddable":true,"href":"https:\/\/www.claret.org\/pt-pt\/wp-json\/wp\/v2\/users\/2"}],"replies":[{"embeddable":true,"href":"https:\/\/www.claret.org\/pt-pt\/wp-json\/wp\/v2\/comments?post=33715"}],"version-history":[{"count":0,"href":"https:\/\/www.claret.org\/pt-pt\/wp-json\/wp\/v2\/posts\/33715\/revisions"}],"wp:featuredmedia":[{"embeddable":true,"href":"https:\/\/www.claret.org\/pt-pt\/wp-json\/wp\/v2\/media\/33670"}],"wp:attachment":[{"href":"https:\/\/www.claret.org\/pt-pt\/wp-json\/wp\/v2\/media?parent=33715"}],"wp:term":[{"taxonomy":"category","embeddable":true,"href":"https:\/\/www.claret.org\/pt-pt\/wp-json\/wp\/v2\/categories?post=33715"},{"taxonomy":"post_tag","embeddable":true,"href":"https:\/\/www.claret.org\/pt-pt\/wp-json\/wp\/v2\/tags?post=33715"}],"curies":[{"name":"wp","href":"https:\/\/api.w.org\/{rel}","templated":true}]}}