{"id":34904,"date":"2018-11-24T00:00:23","date_gmt":"2018-11-23T22:00:23","guid":{"rendered":"https:\/\/www.claret.org\/?p=34904"},"modified":"2018-11-24T00:00:23","modified_gmt":"2018-11-23T22:00:23","slug":"24-novembro","status":"publish","type":"post","link":"https:\/\/www.claret.org\/pt-pt\/24-novembro\/","title":{"rendered":"24 Novembro"},"content":{"rendered":"<div class=\"field field-name-field-meditacion-cita-texto field-type-text-long field-label-hidden\">\n<div class=\"field-items\">\n<div class=\"field-item even\">O Padre Jos\u00e9 Xifr\u00e9, Superior dos Mission\u00e1rios Filhos do Cora\u00e7\u00e3o de Maria, pediu a mim, v\u00e1rias vezes, de palavra e por escrito, uma biografia de minha insignificante pessoa; sempre me desculpei e at\u00e9 agora n\u00e3o teria resolvido fazer se ele n\u00e3o me tivesse mandado. Assim, unicamente por obedi\u00eancia o fa\u00e7o, e por obedi\u00eancia revelarei coisas que muito gostaria que as ignorassem; no entanto, seja para a maior gl\u00f3ria de Deus e de Maria Sant\u00edssima, minha doce M\u00e3e e confus\u00e3o deste miser\u00e1vel pecador.<\/div>\n<\/div>\n<\/div>\n<div class=\"field field-name-field-meditacion-cita field-type-text field-label-hidden\">\n<div class=\"field-items\">\n<div class=\"field-item even\">Aut 1<\/div>\n<\/div>\n<\/div>\n<div class=\"titulo-meditacion\">\n<h2>COM OS OLHOS DA F\u00c9<\/h2>\n<\/div>\n<div class=\"field field-name-body field-type-text-with-summary field-label-hidden\">\n<div class=\"field-items\">\n<div class=\"field-item even\">\n<p>Claret ensinou a seus mission\u00e1rios a obedecerem aos superiores n\u00e3o s\u00f3 quando impusessem formalmente, mas a uma simples insinua\u00e7\u00e3o. Assim se comportou ele mesmo diante do pedido do Pe. Jos\u00e9 Xifr\u00e9, quem, segundo o direito, n\u00e3o podia propriamente mandar sobre ele, mas pedir, insinuar.<br \/>\nO Padre Claret escreveu sua Autobiografia com repugn\u00e2ncia; os santos costumam resistir quando lhes toca falar de si mesmos. Mas, por outro lado, o fez com muito carinho, porque percebeu que podia fazer bem a seus mission\u00e1rios. Embora os que conheciam Claret de perto ficassem decepcionados pelo escrito (\u201cdiz menos do que cala\u201d, afirmou um diretor espiritual seu), muito condicionado pela mod\u00e9stia do autor, para n\u00f3s, que nos sentimos herdeiros do seu esp\u00edrito, \u00e9 uma fonte inspiradora inesgot\u00e1vel.<br \/>\nAo redigir sua Autobiografia, com a idade de 54 anos, o Padre Claret interpreta todo o seu passado \u00e0 luz da f\u00e9, da gra\u00e7a e do chamado a trabalhar por Deus e pelos irm\u00e3os. Contempla a pr\u00f3pria vida retornando \u00e0s suas origens, especialmente ao primeiro chamado a evangelizar. Seu interior \u00e9 o lugar de escutar a voz do Senhor que o envia \u00e0 miss\u00e3o!<br \/>\nOlhando desde este prisma, cai na conta do valor da Eucaristia e da Palavra de Deus como fonte e for\u00e7a de toda sua exist\u00eancia. E Maria \u00e9 sua m\u00e3e espiritual, em cujo cora\u00e7\u00e3o se inflama e se forja para ser como uma seta lan\u00e7ada contra o mal. Em sua vis\u00e3o orante da pr\u00f3pria vida, d\u00e1 gra\u00e7as ao Senhor por ter-se servido dele para fundar congrega\u00e7\u00f5es religiosas, associa\u00e7\u00f5es leigas, arquiconfrarias, etc., com o objetivo de evangelizar, e descobre seu carisma de escritor, que o levou a publicar folhetos, livrinhos de devo\u00e7\u00e3o e inclusive a fundar a editora \u201cLivraria Religiosa\u201d, para fazer chegar a Boa Nova mais al\u00e9m do p\u00falpito.<br \/>\nNesta medita\u00e7\u00e3o autobiogr\u00e1fica, cai na conta da sua ternura compassiva para com os pobres e marginalizados. Percebe-se como um homem possu\u00eddo pelo amor de Cristo, que o impele a evangelizar sem reparar em esfor\u00e7os e riscos. Foi a vida de um homem que ardia em caridade e que abrasava por onde passava (cf. Aut 494): sua autobiografia \u00e9 como um &#8216;Livro de Fogo&#8217;.<br \/>\nVoc\u00ea estaria disposto a reservar um tempo para examinar sua vida \u00e0 luz da f\u00e9 e no seu estado atual?<\/p>\n<\/div>\n<\/div>\n<\/div>\n<div class=\"field field-name-field-meditacion-compartir field-type-addthis field-label-hidden\">\n<div class=\"field-items\">\n<div class=\"field-item even\">\n<div class=\"addthis_toolbox addthis_default_style  \"><\/div>\n<\/div>\n<\/div>\n<\/div>\n","protected":false},"excerpt":{"rendered":"<p>O Padre Jos\u00e9 Xifr\u00e9, Superior dos Mission\u00e1rios Filhos do Cora\u00e7\u00e3o de Maria, pediu a mim, v\u00e1rias vezes, de palavra e por escrito, uma biografia de minha insignificante pessoa; sempre me desculpei e at\u00e9 agora n\u00e3o teria resolvido fazer se ele n\u00e3o me tivesse mandado. Assim, unicamente por obedi\u00eancia o fa\u00e7o, e por obedi\u00eancia revelarei coisas [&hellip;]<\/p>\n","protected":false},"author":1,"featured_media":0,"comment_status":"closed","ping_status":"closed","sticky":false,"template":"","format":"standard","meta":{"_et_pb_use_builder":"","_et_pb_old_content":"","_et_gb_content_width":"","footnotes":""},"categories":[527],"tags":[],"class_list":["post-34904","post","type-post","status-publish","format-standard","hentry","category-claret-com-voce"],"jetpack_featured_media_url":"","jetpack_sharing_enabled":true,"jetpack_shortlink":"https:\/\/wp.me\/pdaBmi-94Y","jetpack_likes_enabled":true,"_links":{"self":[{"href":"https:\/\/www.claret.org\/pt-pt\/wp-json\/wp\/v2\/posts\/34904","targetHints":{"allow":["GET"]}}],"collection":[{"href":"https:\/\/www.claret.org\/pt-pt\/wp-json\/wp\/v2\/posts"}],"about":[{"href":"https:\/\/www.claret.org\/pt-pt\/wp-json\/wp\/v2\/types\/post"}],"author":[{"embeddable":true,"href":"https:\/\/www.claret.org\/pt-pt\/wp-json\/wp\/v2\/users\/1"}],"replies":[{"embeddable":true,"href":"https:\/\/www.claret.org\/pt-pt\/wp-json\/wp\/v2\/comments?post=34904"}],"version-history":[{"count":0,"href":"https:\/\/www.claret.org\/pt-pt\/wp-json\/wp\/v2\/posts\/34904\/revisions"}],"wp:attachment":[{"href":"https:\/\/www.claret.org\/pt-pt\/wp-json\/wp\/v2\/media?parent=34904"}],"wp:term":[{"taxonomy":"category","embeddable":true,"href":"https:\/\/www.claret.org\/pt-pt\/wp-json\/wp\/v2\/categories?post=34904"},{"taxonomy":"post_tag","embeddable":true,"href":"https:\/\/www.claret.org\/pt-pt\/wp-json\/wp\/v2\/tags?post=34904"}],"curies":[{"name":"wp","href":"https:\/\/api.w.org\/{rel}","templated":true}]}}