{"id":34933,"date":"2018-11-27T00:00:12","date_gmt":"2018-11-26T22:00:12","guid":{"rendered":"https:\/\/www.claret.org\/?p=34933"},"modified":"2018-11-27T00:00:12","modified_gmt":"2018-11-26T22:00:12","slug":"27-novembro","status":"publish","type":"post","link":"https:\/\/www.claret.org\/pt-pt\/27-novembro\/","title":{"rendered":"27 Novembro"},"content":{"rendered":"<div class=\"field field-name-field-meditacion-cita-texto field-type-text-long field-label-hidden\">\n<div class=\"field-items\">\n<div class=\"field-item even\">Um dos meios que a experi\u00eancia me tem ensinado para fazer o bem \u00e9 a imprensa, assim como a arma mais poderosa para o mal quando se abusa dela.<\/div>\n<\/div>\n<\/div>\n<div class=\"field field-name-field-meditacion-cita field-type-text field-label-hidden\">\n<div class=\"field-items\">\n<div class=\"field-item even\">Aut 310<\/div>\n<\/div>\n<\/div>\n<div class=\"titulo-meditacion\">\n<h2>A VOZ N\u00c3O SE CALE<\/h2>\n<\/div>\n<div class=\"field field-name-body field-type-text-with-summary field-label-hidden\">\n<div class=\"field-items\">\n<div class=\"field-item even\">\n<p>Claret estava consciente de que um serm\u00e3o, embora cause grande impacto em quem o escuta, acaba desvanecendo-se; um livro, pelo contr\u00e1rio, permanece, est\u00e1 sempre ao alcance de quem queira us\u00e1-lo. Desde o princ\u00edpio de sua atividade apost\u00f3lica se preocupou em colocar por escrito, em folhetos e livros, o que pregava ao povo. Colocou por escrito as instru\u00e7\u00f5es que ia dando em miss\u00f5es populares ou exerc\u00edcios espirituais; s\u00e3o seus conhecidos folhetos de \u2018avisos a&#8230;\u2019 (jovens, crian\u00e7as, pais de fam\u00edlia, sacerdotes&#8230;). E para que a instru\u00e7\u00e3o acompanhasse a ora\u00e7\u00e3o, veio a seguir o c\u00e9lebre devocion\u00e1rio \u201cCaminho Reto\u201d.<br \/>\nMas n\u00e3o parou a\u00ed. Pensando em uma difus\u00e3o do pensamento religioso em grande escala, fundou, com outros dois sacerdotes que tinham a mesma preocupa\u00e7\u00e3o, a \u201cLivraria Religiosa\u201d (1848), editora e distribuidora de obras formativas e econ\u00f4micas. Por outra parte, estava tamb\u00e9m consciente do mal que a imprensa pode fazer. Como a verdade e a beleza, tamb\u00e9m a mentira e a manipula\u00e7\u00e3o ficam no papel e permanecem em bibliotecas e hemerotecas. Claret, mais que lutar contra os maus livros, preocupa-se em escrever e difundir aquilo que pode ajudar no crescimento dos seres humanos e crentes. Cr\u00ea que o mal se vence, sobretudo, com a for\u00e7a do bem.<br \/>\nHoje j\u00e1 n\u00e3o vivemos tanto a moda da imprensa, como no s\u00e9culo XIX, ou do r\u00e1dio e da televis\u00e3o, s\u00e9culo XX, mas o impacto das modernas tecnologias da informa\u00e7\u00e3o e comunica\u00e7\u00e3o: internet, redes sociais, plataformas digitais, etc. Estas tecnologias constituem, como assinalou S\u00e3o Jo\u00e3o Paulo II, os \u201cnovos are\u00f3pagos\u201d para a difus\u00e3o do Evangelho. As notas que caracterizam o uso claretiano dos meios de comunica\u00e7\u00e3o social s\u00e3o v\u00e1lidas para hoje: conte\u00fados essenciais, estilo simples e imaginativo, brevidade e tom positivo e esperan\u00e7oso.<\/p>\n<\/div>\n<\/div>\n<\/div>\n","protected":false},"excerpt":{"rendered":"<p>Um dos meios que a experi\u00eancia me tem ensinado para fazer o bem \u00e9 a imprensa, assim como a arma mais poderosa para o mal quando se abusa dela. Aut 310 A VOZ N\u00c3O SE CALE Claret estava consciente de que um serm\u00e3o, embora cause grande impacto em quem o escuta, acaba desvanecendo-se; um livro, [&hellip;]<\/p>\n","protected":false},"author":1,"featured_media":0,"comment_status":"closed","ping_status":"closed","sticky":false,"template":"","format":"standard","meta":{"_et_pb_use_builder":"","_et_pb_old_content":"","_et_gb_content_width":"","footnotes":""},"categories":[527],"tags":[],"class_list":["post-34933","post","type-post","status-publish","format-standard","hentry","category-claret-com-voce"],"jetpack_featured_media_url":"","jetpack_sharing_enabled":true,"jetpack_shortlink":"https:\/\/wp.me\/pdaBmi-95r","jetpack_likes_enabled":true,"_links":{"self":[{"href":"https:\/\/www.claret.org\/pt-pt\/wp-json\/wp\/v2\/posts\/34933","targetHints":{"allow":["GET"]}}],"collection":[{"href":"https:\/\/www.claret.org\/pt-pt\/wp-json\/wp\/v2\/posts"}],"about":[{"href":"https:\/\/www.claret.org\/pt-pt\/wp-json\/wp\/v2\/types\/post"}],"author":[{"embeddable":true,"href":"https:\/\/www.claret.org\/pt-pt\/wp-json\/wp\/v2\/users\/1"}],"replies":[{"embeddable":true,"href":"https:\/\/www.claret.org\/pt-pt\/wp-json\/wp\/v2\/comments?post=34933"}],"version-history":[{"count":0,"href":"https:\/\/www.claret.org\/pt-pt\/wp-json\/wp\/v2\/posts\/34933\/revisions"}],"wp:attachment":[{"href":"https:\/\/www.claret.org\/pt-pt\/wp-json\/wp\/v2\/media?parent=34933"}],"wp:term":[{"taxonomy":"category","embeddable":true,"href":"https:\/\/www.claret.org\/pt-pt\/wp-json\/wp\/v2\/categories?post=34933"},{"taxonomy":"post_tag","embeddable":true,"href":"https:\/\/www.claret.org\/pt-pt\/wp-json\/wp\/v2\/tags?post=34933"}],"curies":[{"name":"wp","href":"https:\/\/api.w.org\/{rel}","templated":true}]}}