{"id":36329,"date":"2018-12-07T00:00:37","date_gmt":"2018-12-06T23:00:37","guid":{"rendered":"https:\/\/www.claret.org\/?p=36329"},"modified":"2018-12-07T00:00:37","modified_gmt":"2018-12-06T23:00:37","slug":"7-dezembro","status":"publish","type":"post","link":"https:\/\/www.claret.org\/pt-pt\/7-dezembro\/","title":{"rendered":"7 Dezembro"},"content":{"rendered":"<div class=\"field field-name-field-meditacion-cita-texto field-type-text-long field-label-hidden\">\n<div class=\"field-items\">\n<div class=\"field-item even\">A Sant\u00edssima Virgem Maria serviu-se do burrinho quando foi a Bel\u00e9m para dar \u00e0 luz o seu Filho Jesus e quando foi para o Egito, fugindo de Herodes. Eu tamb\u00e9m me ofere\u00e7o a Maria Sant\u00edssima para levar com gosto e alegria sua devo\u00e7\u00e3o e pregar sobre suas grandezas, suas alegrias e suas dores e ainda meditarei de dia e de noite sobre os santos e ador\u00e1veis mist\u00e9rios.<\/div>\n<\/div>\n<\/div>\n<div class=\"field field-name-field-meditacion-cita field-type-text field-label-hidden\">\n<div class=\"field-items\">\n<div class=\"field-item even\">Aut 668,3<\/div>\n<\/div>\n<\/div>\n<div class=\"titulo-meditacion\">\n<h2>CONSAGRA\u00c7\u00c3O MISSION\u00c1RIA A MARIA<\/h2>\n<\/div>\n<div class=\"field field-name-body field-type-text-with-summary field-label-hidden\">\n<div class=\"field-items\">\n<div class=\"field-item even\">\n<p>Em Maria temos um modelo de mission\u00e1ria. Maria era jovem, era pobre e era uma mulher de um povoado perdido da Palestina. Era o prot\u00f3tipo dos exclu\u00eddos e marginalizados; e, no entanto, justamente a ela lhe enviou Deus seu Anjo para dizer-lhe: \u201cAve, cheia de gra\u00e7a, o Senhor \u00e9 contigo\u201d (Lc 1,28). Foi escolhida por Deus para ser a m\u00e3e de Jesus. E desde ent\u00e3o, com seu \u2018Sim\u2019 confiante ao Pai, se converteu na primeira mission\u00e1ria que fez poss\u00edvel que Jesus se encarnasse em nosso mundo e assim despois fosse anunciado a muitas pessoas, por todos os rinc\u00f5es da terra.<br \/>\nSua miss\u00e3o come\u00e7ou a partir do momento da Anuncia\u00e7\u00e3o. Colocou-se em caminho e em atitude de servi\u00e7o atendendo sua prima Isabel e proclamando que a miseric\u00f3rdia do Senhor chega a seus fieis de gera\u00e7\u00e3o em gera\u00e7\u00e3o (cf Lc 1,50). E assim foram outros momentos de sua vida: viajando a Bel\u00e9m, fugindo para o Egito, no sil\u00eancio de Nazar\u00e9, andando de aldeia em aldeia com Jesus, acompanhando e ajudando tamb\u00e9m aos disc\u00edpulos, etc. Mas tamb\u00e9m esteve presente na dor da crucifix\u00e3o do seu Filho, participou da alegria da sua Ressurrei\u00e7\u00e3o e acompanhou os disc\u00edpulos reunidos em seu nome.<br \/>\nMaria seguiu e anunciou a Jesus e acompanhou os disc\u00edpulos desde sua simplicidade, sua valentia e sua f\u00e9. Por isso, Maria continuou estando presente na vida dos disc\u00edpulos, na vida da Igreja, ao longo dos tempos. A devo\u00e7\u00e3o a Maria se estendeu por muitos povos. Ela \u00e9 tida como m\u00e3e, mulher crente, protetora.<br \/>\nSua imagem entranh\u00e1vel e pr\u00f3xima chega ao cora\u00e7\u00e3o de cada homem e de cada mulher porque sabem que levar Maria em sua vida \u00e9 aprender a confiar, como ela, que viveu como mulher simples e sempre concentrada em Deus, entregue \u00e0 causa de Jesus. O povo tem a certeza de que Maria \u00e9 o caminho seguro para chegar a Deus.<br \/>\nQue import\u00e2ncia dou eu a Maria em minha vida? Vivo o esp\u00edrito mission\u00e1rio em minha pr\u00f3pria terra, na sociedade e nas circunst\u00e2ncias onde me encontro hoje?<\/p>\n<\/div>\n<\/div>\n<\/div>\n","protected":false},"excerpt":{"rendered":"<p>A Sant\u00edssima Virgem Maria serviu-se do burrinho quando foi a Bel\u00e9m para dar \u00e0 luz o seu Filho Jesus e quando foi para o Egito, fugindo de Herodes. Eu tamb\u00e9m me ofere\u00e7o a Maria Sant\u00edssima para levar com gosto e alegria sua devo\u00e7\u00e3o e pregar sobre suas grandezas, suas alegrias e suas dores e ainda [&hellip;]<\/p>\n","protected":false},"author":1,"featured_media":0,"comment_status":"closed","ping_status":"closed","sticky":false,"template":"","format":"standard","meta":{"_et_pb_use_builder":"","_et_pb_old_content":"","_et_gb_content_width":"","footnotes":""},"categories":[527],"tags":[],"class_list":["post-36329","post","type-post","status-publish","format-standard","hentry","category-claret-com-voce"],"jetpack_featured_media_url":"","jetpack_sharing_enabled":true,"jetpack_shortlink":"https:\/\/wp.me\/pdaBmi-9rX","jetpack_likes_enabled":true,"_links":{"self":[{"href":"https:\/\/www.claret.org\/pt-pt\/wp-json\/wp\/v2\/posts\/36329","targetHints":{"allow":["GET"]}}],"collection":[{"href":"https:\/\/www.claret.org\/pt-pt\/wp-json\/wp\/v2\/posts"}],"about":[{"href":"https:\/\/www.claret.org\/pt-pt\/wp-json\/wp\/v2\/types\/post"}],"author":[{"embeddable":true,"href":"https:\/\/www.claret.org\/pt-pt\/wp-json\/wp\/v2\/users\/1"}],"replies":[{"embeddable":true,"href":"https:\/\/www.claret.org\/pt-pt\/wp-json\/wp\/v2\/comments?post=36329"}],"version-history":[{"count":0,"href":"https:\/\/www.claret.org\/pt-pt\/wp-json\/wp\/v2\/posts\/36329\/revisions"}],"wp:attachment":[{"href":"https:\/\/www.claret.org\/pt-pt\/wp-json\/wp\/v2\/media?parent=36329"}],"wp:term":[{"taxonomy":"category","embeddable":true,"href":"https:\/\/www.claret.org\/pt-pt\/wp-json\/wp\/v2\/categories?post=36329"},{"taxonomy":"post_tag","embeddable":true,"href":"https:\/\/www.claret.org\/pt-pt\/wp-json\/wp\/v2\/tags?post=36329"}],"curies":[{"name":"wp","href":"https:\/\/api.w.org\/{rel}","templated":true}]}}