{"id":36735,"date":"2018-12-05T23:43:58","date_gmt":"2018-12-05T22:43:58","guid":{"rendered":"https:\/\/www.claret.org\/o-fundador-de-hogares-claret-em-drogas-e-vicios-um-obstaculo-para-o-desenvolvimento-humano-integral\/"},"modified":"2018-12-05T23:43:58","modified_gmt":"2018-12-05T22:43:58","slug":"o-fundador-de-hogares-claret-em-drogas-e-vicios-um-obstaculo-para-o-desenvolvimento-humano-integral","status":"publish","type":"post","link":"https:\/\/www.claret.org\/pt-pt\/o-fundador-de-hogares-claret-em-drogas-e-vicios-um-obstaculo-para-o-desenvolvimento-humano-integral\/","title":{"rendered":"O Fundador de Hogares Claret em \u201cDROGAS E V\u00cdCIOS: UM OBST\u00c1CULO PARA O DESENVOLVIMENTO HUMANO INTEGRAL\u201d"},"content":{"rendered":"<p><strong>Pal\u00e1cio Apost\u00f3lico, Cidade do Vaticano.<\/strong>   Fundador de Hogares Claret, Pe. Gabriel Antonio Mej\u00eda, CMF, foi um dos assistentes da Confer\u00eancia Internacional sobre &#8220;Drogas e V\u00edcios: um obst\u00e1culo para o desenvolvimento humano integral&#8221;, organizado pelo Dicast\u00e9rio para Promover o Desenvolvimento Humano Integral e realizado de 29 de novembro a 1 de dezembro de 2018 no Novo S\u00ednodo Hall, Cidade do Vaticano.<\/p>\n<p>Os participantes foram recebidos pelo Papa Francisco no Pal\u00e1cio Apost\u00f3lico na manh\u00e3 de 1 de dezembro.<\/p>\n<p>Alocu\u00e7\u00e3o do Papa Francisco: <a href=\"http:\/\/w2.vatican.va\/content\/francesco\/en\/speeches\/2018\/december\/documents\/papa-francesco_20181201_conferenza-droga.html\" target=\"_blank\" rel=\"noopener nofollow\">http:\/\/w2.vatican.va\/content\/francesco\/en\/speeches\/2018\/december\/documents\/papa-francesco_20181201_conferenza-droga.html<\/a><\/p>\n","protected":false},"excerpt":{"rendered":"<p>Pal\u00e1cio Apost\u00f3lico, Cidade do Vaticano. Fundador de Hogares Claret, Pe. Gabriel Antonio Mej\u00eda, CMF, foi um dos assistentes da Confer\u00eancia Internacional sobre &#8220;Drogas e V\u00edcios: um obst\u00e1culo para o desenvolvimento humano integral&#8221;, organizado pelo Dicast\u00e9rio para Promover o Desenvolvimento Humano Integral e realizado de 29 de novembro a 1 de dezembro de 2018 no Novo [&hellip;]<\/p>\n","protected":false},"author":2,"featured_media":36715,"comment_status":"closed","ping_status":"closed","sticky":false,"template":"","format":"standard","meta":{"_et_pb_use_builder":"","_et_pb_old_content":"","_et_gb_content_width":"","footnotes":""},"categories":[373,505,442],"tags":[],"class_list":["post-36735","post","type-post","status-publish","format-standard","has-post-thumbnail","hentry","category-colombia-venezuela-pt-pt","category-noticias-eclesiasticas-pt-pt","category-solidariedade-e-missao"],"jetpack_featured_media_url":"https:\/\/i0.wp.com\/www.claret.org\/wp-content\/uploads\/2018\/12\/El-Papa-saluda-al-P-Gabriel.jpg?fit=959%2C520&ssl=1","jetpack_sharing_enabled":true,"jetpack_shortlink":"https:\/\/wp.me\/pdaBmi-9yv","jetpack_likes_enabled":true,"_links":{"self":[{"href":"https:\/\/www.claret.org\/pt-pt\/wp-json\/wp\/v2\/posts\/36735","targetHints":{"allow":["GET"]}}],"collection":[{"href":"https:\/\/www.claret.org\/pt-pt\/wp-json\/wp\/v2\/posts"}],"about":[{"href":"https:\/\/www.claret.org\/pt-pt\/wp-json\/wp\/v2\/types\/post"}],"author":[{"embeddable":true,"href":"https:\/\/www.claret.org\/pt-pt\/wp-json\/wp\/v2\/users\/2"}],"replies":[{"embeddable":true,"href":"https:\/\/www.claret.org\/pt-pt\/wp-json\/wp\/v2\/comments?post=36735"}],"version-history":[{"count":0,"href":"https:\/\/www.claret.org\/pt-pt\/wp-json\/wp\/v2\/posts\/36735\/revisions"}],"wp:featuredmedia":[{"embeddable":true,"href":"https:\/\/www.claret.org\/pt-pt\/wp-json\/wp\/v2\/media\/36715"}],"wp:attachment":[{"href":"https:\/\/www.claret.org\/pt-pt\/wp-json\/wp\/v2\/media?parent=36735"}],"wp:term":[{"taxonomy":"category","embeddable":true,"href":"https:\/\/www.claret.org\/pt-pt\/wp-json\/wp\/v2\/categories?post=36735"},{"taxonomy":"post_tag","embeddable":true,"href":"https:\/\/www.claret.org\/pt-pt\/wp-json\/wp\/v2\/tags?post=36735"}],"curies":[{"name":"wp","href":"https:\/\/api.w.org\/{rel}","templated":true}]}}