{"id":37355,"date":"2018-12-29T12:52:58","date_gmt":"2018-12-29T11:52:58","guid":{"rendered":"https:\/\/www.claret.org\/premios-do-festival-de-curta-metragem-de-milhoes-de-olhos\/"},"modified":"2018-12-29T12:52:58","modified_gmt":"2018-12-29T11:52:58","slug":"premios-do-festival-de-curta-metragem-de-milhoes-de-olhos","status":"publish","type":"post","link":"https:\/\/www.claret.org\/pt-pt\/premios-do-festival-de-curta-metragem-de-milhoes-de-olhos\/","title":{"rendered":"PR\u00caMIOS DO \u2018FESTIVAL DE CURTA METRAGEM DE MILH\u00d5ES DE OLHOS\u2019"},"content":{"rendered":"<p>Bangalore, \u00cdndia  Os pr\u00eamios do Festival de Curta-Metragem de &#8220;Milh\u00f5es de Olhos&#8221; foram apresentados na programa\u00e7\u00e3o do 30\u00ba anivers\u00e1rio da Sociedade da Esperan\u00e7a em 9 de dezembro e no Semin\u00e1rio Claretiano de Bangalore.<\/p>\n<p>O filme chamado &#8220;THEIA&#8221; foi selecionado como o primeiro pr\u00eamio do Festival Internacional de Curta-Metragem &#8220;Um Milh\u00e3o de Olhos&#8221;, organizado pelo &#8220;Proleto Vis\u00e3o&#8221;. O diretor Jithin George, do Trivandrum, recebeu o pr\u00eamio e o pr\u00eamio em dinheiro de 100.000 r\u00fapias na celebra\u00e7\u00e3o. THEIA \u00e9 uma mensagem cativante que mostra uma jovem que tem a oportunidade de se tornar uma fot\u00f3grafa de sucesso depois de receber uma doa\u00e7\u00e3o de uma pessoa desconhecida.<\/p>\n<p><span class=\"embed-youtube\" style=\"text-align:center; display: block;\"><iframe loading=\"lazy\" class=\"youtube-player\" width=\"1080\" height=\"608\" src=\"https:\/\/www.youtube.com\/embed\/s1GyaSXZE00?version=3&#038;rel=1&#038;showsearch=0&#038;showinfo=1&#038;iv_load_policy=1&#038;fs=1&#038;hl=pt-PT&#038;autohide=2&#038;wmode=transparent\" allowfullscreen=\"true\" style=\"border:0;\" sandbox=\"allow-scripts allow-same-origin allow-popups allow-presentation allow-popups-to-escape-sandbox\"><\/iframe><\/span><\/p>\n<p>El segundo premio, de 50.000 rupias, fue otorgado a &#8216;Vizhil&#8217; dirigida por Alex Rajan, de Chennai, que present\u00f3 la historia de una ni\u00f1a peque\u00f1a que se preguntaba por qu\u00e9 su amiga no compart\u00eda sus ojos con ella.<\/p>\n<div class=\"epyt-video-wrapper\">\n<div  data-ep-a=\"fadeIn\"  id=\"_ytid_96210\"  width=\"1080\" height=\"608\"  data-origwidth=\"1080\" data-origheight=\"608\"  data-relstop=\"1\" data-facadesrc=\"https:\/\/www.youtube.com\/embed\/NGOZ7Ho0KBM?enablejsapi=1&#038;autoplay=0&#038;cc_load_policy=1&#038;cc_lang_pref=&#038;iv_load_policy=3&#038;loop=0&#038;rel=0&#038;fs=1&#038;playsinline=1&#038;autohide=2&#038;hl=fr_FR&#038;theme=dark&#038;color=red&#038;controls=1&#038;disablekb=0&#038;\" class=\"__youtube_prefs__ epyt-facade  epyt-is-override  no-lazyload\" data-epautoplay=\"1\" ><img data-recalc-dims=\"1\" decoding=\"async\" data-spai-excluded=\"true\" class=\"epyt-facade-poster skip-lazy\" loading=\"lazy\" alt=\"YouTube player\" src=\"https:\/\/i0.wp.com\/i.ytimg.com\/vi\/NGOZ7Ho0KBM\/maxresdefault.jpg?w=1080&#038;ssl=1\" title=\"\"><button class=\"epyt-facade-play\" aria-label=\"Play\"><svg data-no-lazy=\"1\" height=\"100%\" version=\"1.1\" viewBox=\"0 0 68 48\" width=\"100%\"><path class=\"ytp-large-play-button-bg\" d=\"M66.52,7.74c-0.78-2.93-2.49-5.41-5.42-6.19C55.79,.13,34,0,34,0S12.21,.13,6.9,1.55 C3.97,2.33,2.27,4.81,1.48,7.74C0.06,13.05,0,24,0,24s0.06,10.95,1.48,16.26c0.78,2.93,2.49,5.41,5.42,6.19 C12.21,47.87,34,48,34,48s21.79-0.13,27.1-1.55c2.93-0.78,4.64-3.26,5.42-6.19C67.94,34.95,68,24,68,24S67.94,13.05,66.52,7.74z\" fill=\"#f00\"><\/path><path d=\"M 45,24 27,14 27,34\" fill=\"#fff\"><\/path><\/svg><\/button><\/div>\n<\/div>\n<p><span itemprop=\"video\" itemscope itemtype=\"http:\/\/schema.org\/VideoObject\"><meta itemprop=\"embedUrl\" content=\"https:\/\/www.youtube.com\/embed\/NGOZ7Ho0KBM\"><meta itemprop=\"name\" content=\"Vizhi | Million Eyes International Short Film Festival 2018 | 2nd Prize\"><meta itemprop=\"description\" content=\"Vizhi won the 2nd Prize for &#039;The Best Short Film&#039; in Million Eyes International Short Film Festival - 2018 A little blind girl gives an opportunity to realize our blindness. Country - India Language - Tamil Director Name - Alex\"><meta itemprop=\"thumbnailUrl\" content=\"https:\/\/i.ytimg.com\/vi\/NGOZ7Ho0KBM\/0.jpg\"><meta itemprop=\"duration\" content=\"PT3M14S\"><meta itemprop=\"uploadDate\" content=\"2018-12-13T16:13:18Z\"><\/span><\/p>\n<p>El tercer premio, de 25.000 rupias, se concedi\u00f3 a Rajesh Kalbhor, con sede en Mumbai, quien dirigi\u00f3 el cortometraje &#8216;A trav\u00e9s de mis ojos&#8217;, que presentaba la lucha de una madre que no pod\u00eda ver a su hijo reci\u00e9n nacido.<\/p>\n<p><span class=\"embed-youtube\" style=\"text-align:center; display: block;\"><iframe loading=\"lazy\" class=\"youtube-player\" width=\"1080\" height=\"608\" src=\"https:\/\/www.youtube.com\/embed\/uCGkgJyZrkc?version=3&#038;rel=1&#038;showsearch=0&#038;showinfo=1&#038;iv_load_policy=1&#038;fs=1&#038;hl=pt-PT&#038;autohide=2&#038;wmode=transparent\" allowfullscreen=\"true\" style=\"border:0;\" sandbox=\"allow-scripts allow-same-origin allow-popups allow-presentation allow-popups-to-escape-sandbox\"><\/iframe><\/span><\/p>\n<p>Los premios fueron otorgados por directores de cine aclamados mundialmente, el Dr. Shaison Ouseph y el Sr. Ryon Lobo, que formaron parte de un jurado mundial para la selecci\u00f3n de la mejor pel\u00edcula. Ellos realizaron la selecci\u00f3n de un total de 115 participaciones de cortometrajes de todo el pa\u00eds.<\/p>\n<p>El tema del festival UN MILL\u00d3N DE OJOS era la donaci\u00f3n de ojos y el objetivo del festival era difundir el mensaje de donaci\u00f3n de ojos a un mill\u00f3n de personas. El programa tambi\u00e9n felicit\u00f3 a todos aquellos que formaban parte de este movimiento de donaci\u00f3n de ojos.<\/p>\n<p>La Sociedad de la Esperanza comenz\u00f3 con los Estudiantes del Seminario Claretiano en el a\u00f1o 1988 bajo la direcci\u00f3n del P. George Kannanthanam. Se desarroll\u00f3 en seis proyectos a lo largo de los a\u00f1os con el centro &#8216;Esperanza de Recuperaci\u00f3n&#8217; en Belgaum para el tratamiento de alcoh\u00f3licos, los &#8216;Centros de Apoyo&#8217; en Bangalore y Belgaum para las personas afectadas por el VIH \/ SIDA, el &#8216;Proyecto Visi\u00f3n&#8217; para personas con discapacidades visuales, &#8216;Bangalore se preocupa por Nepal&#8217; para las personas v\u00edctimas afectadas por el terremoto en Nepal y &#8216;Bangalore se preocupa por Kerala&#8217; para las personas afectadas por las inundaciones. Tambi\u00e9n fue el quinto aniversario de &#8216;Proyecto Visi\u00f3n&#8217;.<\/p>\n<p><img data-recalc-dims=\"1\" loading=\"lazy\" decoding=\"async\" class=\"alignnone size-full wp-image-37331\" src=\"https:\/\/i0.wp.com\/www.claret.org\/wp-content\/uploads\/2018\/12\/15_SHORTLISTED_AWARDEES_.jpg?resize=1080%2C720&#038;ssl=1\" alt=\"\" width=\"1080\" height=\"720\" title=\"\" srcset=\"https:\/\/i0.wp.com\/www.claret.org\/wp-content\/uploads\/2018\/12\/15_SHORTLISTED_AWARDEES_.jpg?w=1280&amp;ssl=1 1280w, https:\/\/i0.wp.com\/www.claret.org\/wp-content\/uploads\/2018\/12\/15_SHORTLISTED_AWARDEES_.jpg?resize=300%2C200&amp;ssl=1 300w, https:\/\/i0.wp.com\/www.claret.org\/wp-content\/uploads\/2018\/12\/15_SHORTLISTED_AWARDEES_.jpg?resize=768%2C512&amp;ssl=1 768w, https:\/\/i0.wp.com\/www.claret.org\/wp-content\/uploads\/2018\/12\/15_SHORTLISTED_AWARDEES_.jpg?resize=1024%2C683&amp;ssl=1 1024w, https:\/\/i0.wp.com\/www.claret.org\/wp-content\/uploads\/2018\/12\/15_SHORTLISTED_AWARDEES_.jpg?resize=1080%2C720&amp;ssl=1 1080w\" sizes=\"(max-width: 1080px) 100vw, 1080px\" \/><\/p>\n","protected":false},"excerpt":{"rendered":"<p>Bangalore, \u00cdndia Os pr\u00eamios do Festival de Curta-Metragem de &#8220;Milh\u00f5es de Olhos&#8221; foram apresentados na programa\u00e7\u00e3o do 30\u00ba anivers\u00e1rio da Sociedade da Esperan\u00e7a em 9 de dezembro e no Semin\u00e1rio Claretiano de Bangalore. O filme chamado &#8220;THEIA&#8221; foi selecionado como o primeiro pr\u00eamio do Festival Internacional de Curta-Metragem &#8220;Um Milh\u00e3o de Olhos&#8221;, organizado pelo &#8220;Proleto [&hellip;]<\/p>\n","protected":false},"author":2,"featured_media":37356,"comment_status":"closed","ping_status":"closed","sticky":false,"template":"","format":"standard","meta":{"_et_pb_use_builder":"","_et_pb_old_content":"","_et_gb_content_width":"","footnotes":""},"categories":[222,430],"tags":[],"class_list":["post-37355","post","type-post","status-publish","format-standard","has-post-thumbnail","hentry","category-bangalore-pt-pt","category-pastoral-da-saude"],"jetpack_featured_media_url":"https:\/\/i0.wp.com\/www.claret.org\/wp-content\/uploads\/2018\/12\/pr-mios-do-festival-de-curta-metragem-de-milh-es-de-olhos.jpg?fit=1280%2C720&ssl=1","jetpack_sharing_enabled":true,"jetpack_shortlink":"https:\/\/wp.me\/pdaBmi-9Iv","jetpack_likes_enabled":true,"_links":{"self":[{"href":"https:\/\/www.claret.org\/pt-pt\/wp-json\/wp\/v2\/posts\/37355","targetHints":{"allow":["GET"]}}],"collection":[{"href":"https:\/\/www.claret.org\/pt-pt\/wp-json\/wp\/v2\/posts"}],"about":[{"href":"https:\/\/www.claret.org\/pt-pt\/wp-json\/wp\/v2\/types\/post"}],"author":[{"embeddable":true,"href":"https:\/\/www.claret.org\/pt-pt\/wp-json\/wp\/v2\/users\/2"}],"replies":[{"embeddable":true,"href":"https:\/\/www.claret.org\/pt-pt\/wp-json\/wp\/v2\/comments?post=37355"}],"version-history":[{"count":0,"href":"https:\/\/www.claret.org\/pt-pt\/wp-json\/wp\/v2\/posts\/37355\/revisions"}],"wp:featuredmedia":[{"embeddable":true,"href":"https:\/\/www.claret.org\/pt-pt\/wp-json\/wp\/v2\/media\/37356"}],"wp:attachment":[{"href":"https:\/\/www.claret.org\/pt-pt\/wp-json\/wp\/v2\/media?parent=37355"}],"wp:term":[{"taxonomy":"category","embeddable":true,"href":"https:\/\/www.claret.org\/pt-pt\/wp-json\/wp\/v2\/categories?post=37355"},{"taxonomy":"post_tag","embeddable":true,"href":"https:\/\/www.claret.org\/pt-pt\/wp-json\/wp\/v2\/tags?post=37355"}],"curies":[{"name":"wp","href":"https:\/\/api.w.org\/{rel}","templated":true}]}}