{"id":41002,"date":"2019-02-01T08:59:39","date_gmt":"2019-02-01T07:59:39","guid":{"rendered":"https:\/\/www.claret.org\/apresentacao-do-livro-a-forca-da-vocacao-a-vida-consagrada-hoje\/"},"modified":"2019-02-01T08:59:39","modified_gmt":"2019-02-01T07:59:39","slug":"apresentacao-do-livro-a-forca-da-vocacao-a-vida-consagrada-hoje","status":"publish","type":"post","link":"https:\/\/www.claret.org\/pt-pt\/apresentacao-do-livro-a-forca-da-vocacao-a-vida-consagrada-hoje\/","title":{"rendered":"Apresenta\u00e7\u00e3o do livro \u201cA for\u00e7a da voca\u00e7\u00e3o. A vida consagrada hoje\u201d"},"content":{"rendered":"<p><strong>Roma, It\u00e1lia<\/strong>. No dia 29 de janeiro, ter\u00e7a-feira, realizou-se na Embaixada da Espanha junto \u00e0 Santa S\u00e9, em Roma, a apresenta\u00e7\u00e3o do livro \u201cA for\u00e7a da voca\u00e7\u00e3o. A vida consagrada hoje\u201d, que recolhe quatro horas de conversa de Fernando Prado CMF com o Papa Francisco, editado pelas Publica\u00e7\u00f5es Claretianas de Madri e j\u00e1 traduzido para 12 l\u00ednguas.<\/p>\n<p>O ato teve in\u00edcio \u00e0s 16 horas com uma sauda\u00e7\u00e3o da Sra. Embaixadora, M\u00aa del Carmen de la Pe\u00f1a, que agradeceu aos claretianos a defer\u00eancia de apresentar o livro nesta sede. Intervieram no ato nosso Cardeal Aquilino Bocos, o Secret\u00e1rio da Congrega\u00e7\u00e3o para os religiosos, Dom Jos\u00e9 Rodr\u00edguez Carballo OFM, a Irm\u00e3 Sof\u00eda Contreras, Filha de Jesus, e tamb\u00e9m o autor, Fernando Prado. O diretor da revista \u201cVida Nueva\u201d, Jos\u00e9 Beltr\u00e1n, foi fazendo perguntas aos expositores de modo que em conjunto se desenvolveu tudo de um modo \u00e1gil e atraente.<\/p>\n<p>O Cardeal Bocos ressaltou que lendo a entrevista, o leitor se sente envolvido, implicado e interpelado. O Papa Francisco \u00e9 um homem de f\u00e9 e coerente. Embora se leia o texto com facilidade, h\u00e1 um pano de fundo muito profundo. Destacou estes acentos: A pessoa de Jesus, que \u00e9 a for\u00e7a da voca\u00e7\u00e3o; a eclesiologia do Povo de Deus; a trilogia: carisma, miss\u00e3o e profecia; os processos de crescimento; o m\u00e9todo: discernimento e op\u00e7\u00e3o pelos pobres; e a fecundidade.<\/p>\n<p>J\u00e1 Dom Carballo insistiu no valor evang\u00e9lico e prof\u00e9tico da vida religiosa, e preveniu do perigo indicado pelo Papa de \u201cideologiz\u00e1-la\u201d e \u201cmundaniz\u00e1-la\u201d. Respondendo a uma pergunta que lhe foi dirigida diretamente, explicou que se devem acompanhar bem de perto os novos institutos (novas formas) de vida consagrada; alguns tiveram que ser acompanhados.<\/p>\n<p>Falando do papel da religiosa, a Ir. Contreras esclareceu que o tema n\u00e3o se deve centrar no \u201csacerd\u00f3cio das mulheres, mas na contribui\u00e7\u00e3o que como mulheres podem dar \u00e0 Igreja, porque a igreja \u00e9 masculina e feminina, porque todos somos Igreja e prescindir das mulheres empobreceria a mesma Igreja.<\/p>\n<p>Fernando Prado abriu e encerrou o ato explicando como conseguiu e como se deu a entrevista e ressaltou o trato humano, cordial e confiante do Papa Francisco. Explicou que n\u00e3o precisou enviar-lhe previamente as perguntas, mas o Papa foi respondendo a tudo o que lhe era apresentado com muita simplicidade e coragem, sem ter medo de abordar problemas espinhosos da atualidade.  Agradeceu, finalmente, \u00e0 Embaixadora e ao Conselheiro de cultura sua disponibilidade e colabora\u00e7\u00e3o.<\/p>\n<p>Publica\u00e7\u00f5es Claretianas recebeu muitos elogios pelo conte\u00fado e organiza\u00e7\u00e3o desse ato. Ao final, a Embaixada ofereceu um vinho espanhol.<\/p>\n","protected":false},"excerpt":{"rendered":"<p>Roma, It\u00e1lia. No dia 29 de janeiro, ter\u00e7a-feira, realizou-se na Embaixada da Espanha junto \u00e0 Santa S\u00e9, em Roma, a apresenta\u00e7\u00e3o do livro \u201cA for\u00e7a da voca\u00e7\u00e3o. A vida consagrada hoje\u201d, que recolhe quatro horas de conversa de Fernando Prado CMF com o Papa Francisco, editado pelas Publica\u00e7\u00f5es Claretianas de Madri e j\u00e1 traduzido para [&hellip;]<\/p>\n","protected":false},"author":2,"featured_media":40521,"comment_status":"closed","ping_status":"closed","sticky":false,"template":"","format":"standard","meta":{"_et_pb_use_builder":"","_et_pb_old_content":"","_et_gb_content_width":"","footnotes":""},"categories":[1552,564,253,418],"tags":[],"class_list":["post-41002","post","type-post","status-publish","format-standard","has-post-thumbnail","hentry","category-aquilino-bocos-merino-pt-pt","category-cardeais-e-bispos","category-claret-publishing-group-pt-pt","category-vida-consagrada-pt-pt"],"jetpack_featured_media_url":"https:\/\/i0.wp.com\/www.claret.org\/wp-content\/uploads\/2019\/02\/CG-20190129-Presentaci%C3%B3n-del-libro-1.jpeg?fit=1024%2C768&ssl=1","jetpack_sharing_enabled":true,"jetpack_shortlink":"https:\/\/wp.me\/pdaBmi-aFk","jetpack_likes_enabled":true,"_links":{"self":[{"href":"https:\/\/www.claret.org\/pt-pt\/wp-json\/wp\/v2\/posts\/41002","targetHints":{"allow":["GET"]}}],"collection":[{"href":"https:\/\/www.claret.org\/pt-pt\/wp-json\/wp\/v2\/posts"}],"about":[{"href":"https:\/\/www.claret.org\/pt-pt\/wp-json\/wp\/v2\/types\/post"}],"author":[{"embeddable":true,"href":"https:\/\/www.claret.org\/pt-pt\/wp-json\/wp\/v2\/users\/2"}],"replies":[{"embeddable":true,"href":"https:\/\/www.claret.org\/pt-pt\/wp-json\/wp\/v2\/comments?post=41002"}],"version-history":[{"count":0,"href":"https:\/\/www.claret.org\/pt-pt\/wp-json\/wp\/v2\/posts\/41002\/revisions"}],"wp:featuredmedia":[{"embeddable":true,"href":"https:\/\/www.claret.org\/pt-pt\/wp-json\/wp\/v2\/media\/40521"}],"wp:attachment":[{"href":"https:\/\/www.claret.org\/pt-pt\/wp-json\/wp\/v2\/media?parent=41002"}],"wp:term":[{"taxonomy":"category","embeddable":true,"href":"https:\/\/www.claret.org\/pt-pt\/wp-json\/wp\/v2\/categories?post=41002"},{"taxonomy":"post_tag","embeddable":true,"href":"https:\/\/www.claret.org\/pt-pt\/wp-json\/wp\/v2\/tags?post=41002"}],"curies":[{"name":"wp","href":"https:\/\/api.w.org\/{rel}","templated":true}]}}