{"id":41031,"date":"2019-01-31T00:47:45","date_gmt":"2019-01-30T23:47:45","guid":{"rendered":"https:\/\/www.claret.org\/seminario-de-um-dia-sobre-a-vida-consagrada\/"},"modified":"2019-01-31T00:47:45","modified_gmt":"2019-01-30T23:47:45","slug":"seminario-de-um-dia-sobre-a-vida-consagrada","status":"publish","type":"post","link":"https:\/\/www.claret.org\/pt-pt\/seminario-de-um-dia-sobre-a-vida-consagrada\/","title":{"rendered":"Semin\u00e1rio de um dia sobre a Vida Consagrada"},"content":{"rendered":"<p><strong>Bangalore, \u00cdndia<\/strong>. No dia 27 de janeiro de 2019 realizou-se no Semin\u00e1rio Claretiano, Malleswaram, um semin\u00e1rio de um dia sobre o tema &#8220;Alegrai-vos e exultai \u2013 o apelo do Papa Francisco sobre a santidade de vida&#8221; (Reflex\u00f5es sobre a Exorta\u00e7\u00e3o Apost\u00f3lica Gaudete et Exsultate do Papa Francisco). O semin\u00e1rio foi organizado pelo P. Xavier Manavath, Reitor do Semin\u00e1rio Claretiano, Malleswaram, Bangalore, em colabora\u00e7\u00e3o com Sanyasa &#8211; Instituto da Vida Consagrada, Bangalore. Foi aberto oficialmente pelo P. Jacob Arakkal John, Presidente do Sanyasa e Superior Provincial da Prov\u00edncia de Bangalore. Ao todo, houve quatro apresenta\u00e7\u00f5es: &#8220;O conceito de santidade e seu significado para a Vida Consagrada&#8221; pelo P. Jos\u00e9 Cristo Rey Garc\u00eda Paredes, CMF, professor em\u00e9rito do ITVR (Madri, Espanha); \u201cSantidade como pr\u00e1tica das Bem-aventuran\u00e7as\u201d pelo P. Xavier Manavath, CMF, Reitor do Semin\u00e1rio Claretiano em Malleswaram; \u201cVida de santidade: uma batalha constante\u201d pela Irm\u00e3 Jessy, SMMI, Provincial das Irm\u00e3s SMMI da Prov\u00edncia de Bangalore; e finalmente, \u201cO chamado do Papa Francisco \u00e0 santidade no mundo moderno\u201d pelo Dr. A. Pusparajan, Professor de Filosofia, Religi\u00e3o e Pensamento de Gandhi.<\/p>\n<p>O semin\u00e1rio terminou \u00e0s 17h com a Eucaristia presidida pelo Monsenhor S. Jayanathan, Vig\u00e1rio Geral, Arquidiocese de Bangalore. Participaram aproximadamente 200 pessoas, tanto religiosos como fi\u00e9is leigos. O semin\u00e1rio foi t\u00e3o enriquecedor e iluminador que os participantes o apreciaram e pediram que este semin\u00e1rio continuasse a ser organizado todos os anos.<\/p>\n","protected":false},"excerpt":{"rendered":"<p>Bangalore, \u00cdndia. No dia 27 de janeiro de 2019 realizou-se no Semin\u00e1rio Claretiano, Malleswaram, um semin\u00e1rio de um dia sobre o tema &#8220;Alegrai-vos e exultai \u2013 o apelo do Papa Francisco sobre a santidade de vida&#8221; (Reflex\u00f5es sobre a Exorta\u00e7\u00e3o Apost\u00f3lica Gaudete et Exsultate do Papa Francisco). O semin\u00e1rio foi organizado pelo P. Xavier Manavath, [&hellip;]<\/p>\n","protected":false},"author":2,"featured_media":40374,"comment_status":"closed","ping_status":"closed","sticky":false,"template":"","format":"standard","meta":{"_et_pb_use_builder":"","_et_pb_old_content":"","_et_gb_content_width":"","footnotes":""},"categories":[222,418],"tags":[],"class_list":["post-41031","post","type-post","status-publish","format-standard","has-post-thumbnail","hentry","category-bangalore-pt-pt","category-vida-consagrada-pt-pt"],"jetpack_featured_media_url":"https:\/\/i0.wp.com\/www.claret.org\/wp-content\/uploads\/2019\/01\/BA-20190127-Seminar-on-Consecrated-Life-5.jpg?fit=4608%2C3456&ssl=1","jetpack_sharing_enabled":true,"jetpack_shortlink":"https:\/\/wp.me\/pdaBmi-aFN","jetpack_likes_enabled":true,"_links":{"self":[{"href":"https:\/\/www.claret.org\/pt-pt\/wp-json\/wp\/v2\/posts\/41031","targetHints":{"allow":["GET"]}}],"collection":[{"href":"https:\/\/www.claret.org\/pt-pt\/wp-json\/wp\/v2\/posts"}],"about":[{"href":"https:\/\/www.claret.org\/pt-pt\/wp-json\/wp\/v2\/types\/post"}],"author":[{"embeddable":true,"href":"https:\/\/www.claret.org\/pt-pt\/wp-json\/wp\/v2\/users\/2"}],"replies":[{"embeddable":true,"href":"https:\/\/www.claret.org\/pt-pt\/wp-json\/wp\/v2\/comments?post=41031"}],"version-history":[{"count":0,"href":"https:\/\/www.claret.org\/pt-pt\/wp-json\/wp\/v2\/posts\/41031\/revisions"}],"wp:featuredmedia":[{"embeddable":true,"href":"https:\/\/www.claret.org\/pt-pt\/wp-json\/wp\/v2\/media\/40374"}],"wp:attachment":[{"href":"https:\/\/www.claret.org\/pt-pt\/wp-json\/wp\/v2\/media?parent=41031"}],"wp:term":[{"taxonomy":"category","embeddable":true,"href":"https:\/\/www.claret.org\/pt-pt\/wp-json\/wp\/v2\/categories?post=41031"},{"taxonomy":"post_tag","embeddable":true,"href":"https:\/\/www.claret.org\/pt-pt\/wp-json\/wp\/v2\/tags?post=41031"}],"curies":[{"name":"wp","href":"https:\/\/api.w.org\/{rel}","templated":true}]}}