{"id":41141,"date":"2019-02-04T12:45:21","date_gmt":"2019-02-04T11:45:21","guid":{"rendered":"https:\/\/www.claret.org\/18-criancas-batizadas-no-hospital-pediatrico-de-kimbondo\/"},"modified":"2019-02-04T12:45:21","modified_gmt":"2019-02-04T11:45:21","slug":"18-criancas-batizadas-no-hospital-pediatrico-de-kimbondo","status":"publish","type":"post","link":"https:\/\/www.claret.org\/pt-pt\/18-criancas-batizadas-no-hospital-pediatrico-de-kimbondo\/","title":{"rendered":"18 crian\u00e7as batizadas no Hospital Pedi\u00e1trico de Kimbondo"},"content":{"rendered":"<p><strong>Kinshasa, Rep\u00fablica Democr\u00e1tica do Congo<\/strong>. No dia 3 de fevereiro de 2019, quarto Domingo do Tempo Comum, a pequena capela do Hospital Pedi\u00e1trico de Kimbodo foi testemunha do batismo de 18 crian\u00e7as \u00f3rf\u00e3s dos tr\u00eas lugares do orfanato. O P. Joseph Mbungu, CMF, Superior Maior do Congo, presidiu a cerim\u00f4nia. Em sua homilia, enfatizou a dignidade de cada pessoa como criatura de Deus e, portanto, tamb\u00e9m como filha de Deus.<\/p>\n<p>\u201cIsto nos leva ao respeito por cada pessoa, inclusive daquelas que t\u00eam alguma defici\u00eancia. Este respeito deve culminar no amor para manifestar-se, sobretudo nesta \u00faltima categoria\u201d disse.<\/p>\n<p>Tamb\u00e9m convidou o pessoal e os volunt\u00e1rios do centro a n\u00e3o desanimar pelas dificuldades que podem aparecer como falhas em sua miss\u00e3o.<\/p>\n<p>\u201cDe fato, apesar do aparente fracasso de Nazar\u00e9, Jesus n\u00e3o se rendeu ao des\u00e2nimo\u201d, afirmou.<\/p>\n<p>Depois da Missa, as crian\u00e7as correram ao quarto do Padre R\u00edos para receberem bolachas e doces. Havia uns vinte volunt\u00e1rios \/ patrocinadores italianos entre os presentes.<\/p>\n<p>O Hospital Pedi\u00e1trico de Kimbondo \u00e9 dirigido pelo P. Hugo Rios, CMF, assistido pelo P. Victor Misangamani, CMF, e v\u00e1rias outras religiosas e leigos. Este \u00e9 um apostolado social com v\u00e1rios desafios, especialmente em termos de recursos materiais em geral e financeiros em particular.<\/p>\n","protected":false},"excerpt":{"rendered":"<p>Kinshasa, Rep\u00fablica Democr\u00e1tica do Congo. No dia 3 de fevereiro de 2019, quarto Domingo do Tempo Comum, a pequena capela do Hospital Pedi\u00e1trico de Kimbodo foi testemunha do batismo de 18 crian\u00e7as \u00f3rf\u00e3s dos tr\u00eas lugares do orfanato. O P. Joseph Mbungu, CMF, Superior Maior do Congo, presidiu a cerim\u00f4nia. Em sua homilia, enfatizou a [&hellip;]<\/p>\n","protected":false},"author":2,"featured_media":40882,"comment_status":"closed","ping_status":"closed","sticky":false,"template":"","format":"standard","meta":{"_et_pb_use_builder":"","_et_pb_old_content":"","_et_gb_content_width":"","footnotes":""},"categories":[137,442],"tags":[],"class_list":["post-41141","post","type-post","status-publish","format-standard","has-post-thumbnail","hentry","category-congo-pt-pt","category-solidariedade-e-missao"],"jetpack_featured_media_url":"https:\/\/i0.wp.com\/www.claret.org\/wp-content\/uploads\/2019\/02\/CO-20190203-Bapt%C3%AAme-en-Kimbondo-3.jpg?fit=4128%2C2322&ssl=1","jetpack_sharing_enabled":true,"jetpack_shortlink":"https:\/\/wp.me\/pdaBmi-aHz","jetpack_likes_enabled":true,"_links":{"self":[{"href":"https:\/\/www.claret.org\/pt-pt\/wp-json\/wp\/v2\/posts\/41141","targetHints":{"allow":["GET"]}}],"collection":[{"href":"https:\/\/www.claret.org\/pt-pt\/wp-json\/wp\/v2\/posts"}],"about":[{"href":"https:\/\/www.claret.org\/pt-pt\/wp-json\/wp\/v2\/types\/post"}],"author":[{"embeddable":true,"href":"https:\/\/www.claret.org\/pt-pt\/wp-json\/wp\/v2\/users\/2"}],"replies":[{"embeddable":true,"href":"https:\/\/www.claret.org\/pt-pt\/wp-json\/wp\/v2\/comments?post=41141"}],"version-history":[{"count":0,"href":"https:\/\/www.claret.org\/pt-pt\/wp-json\/wp\/v2\/posts\/41141\/revisions"}],"wp:featuredmedia":[{"embeddable":true,"href":"https:\/\/www.claret.org\/pt-pt\/wp-json\/wp\/v2\/media\/40882"}],"wp:attachment":[{"href":"https:\/\/www.claret.org\/pt-pt\/wp-json\/wp\/v2\/media?parent=41141"}],"wp:term":[{"taxonomy":"category","embeddable":true,"href":"https:\/\/www.claret.org\/pt-pt\/wp-json\/wp\/v2\/categories?post=41141"},{"taxonomy":"post_tag","embeddable":true,"href":"https:\/\/www.claret.org\/pt-pt\/wp-json\/wp\/v2\/tags?post=41141"}],"curies":[{"name":"wp","href":"https:\/\/api.w.org\/{rel}","templated":true}]}}