{"id":41148,"date":"2019-01-24T05:01:09","date_gmt":"2019-01-24T04:01:09","guid":{"rendered":"https:\/\/www.claret.org\/chegada-do-papa-francisco-ao-panama-e-abertura-oficial-da-34a-jmj\/"},"modified":"2019-01-24T05:01:09","modified_gmt":"2019-01-24T04:01:09","slug":"chegada-do-papa-francisco-ao-panama-e-abertura-oficial-da-34a-jmj","status":"publish","type":"post","link":"https:\/\/www.claret.org\/pt-pt\/chegada-do-papa-francisco-ao-panama-e-abertura-oficial-da-34a-jmj\/","title":{"rendered":"Chegada do Papa Francisco ao Panam\u00e1 e abertura oficial da 34\u00aa JMJ"},"content":{"rendered":"<p><strong>Cidade do Panam\u00e1, Panam\u00e1<\/strong>. O Papa Francisco chegou ao Panam\u00e1 na tarde de quarta-feira, 23 de janeiro de 2019, para a hist\u00f3rica visita a este pa\u00eds e para reunir-se com jovens de todo o mundo movidos pela f\u00e9, participando da 34\u00aa Jornada Mundial da Juventude (JMJ). \u00c0 sua chegada ao aeroporto internacional de Tocumen, foi recebido pelo Presidente da Rep\u00fablica, Juan Carlos Varela, e pela primeira dama, Lorena Castillo, como protocolo entre os chefes de Estado. Alguns alunos da Escola Claret da Cidade do Panam\u00e1 das Religiosas de Maria Imaculada foram escolhidos para reunir-se e saudar o Papa no aeroporto. O Santo Padre logo se dirigiu \u00e0 Nunciatura passando por uma longa fila de peregrinos e moradores do local que esperavam ver um Papa pela primeira vez em sua vida.<\/p>\n<p>No dia seguinte, 24 de janeiros de 2019, numa tarde de muito calor, deu-se a abertura oficial da 34\u00aa JMJ na estrada costeira de 2,5 km de comprimento, chamada Cinta Costera, de frente ao Oceano Pac\u00edfico e os arranha-c\u00e9us na parte posterior. Entre os que ouviram o discurso do Papa aos jovens e ao mundo, tamb\u00e9m se encontrava a Fam\u00edlia Claretiana dispersa ao longo dessa costa.<\/p>\n<p>\u201cPedro e a Igreja caminham com voc\u00eas\u201d, come\u00e7ou o Papa. &#8220;Quero dizer a todos que n\u00e3o tenham medo, que prossigam com esta energia renovadora e esta inquieta\u00e7\u00e3o constante que nos ajuda e impele a ser mais alegres e dispon\u00edveis&#8230; n\u00e3o para criar uma Igreja paralela, um pouco mais \u2018divertida\u2019 e \u2018ousada\u2019 numa modalidade para jovens\u201d.<\/p>\n<p>O Papa reconheceu os sacrif\u00edcios que muitos jovens enfrentaram para vir ao Panam\u00e1 e lhes recordou que um disc\u00edpulo n\u00e3o \u00e9 simplesmente algu\u00e9m que chega a um lugar determinado, mas &#8220;algu\u00e9m que se apresenta decididamente, que n\u00e3o teme correr riscos e se mant\u00e9m&#8221;. Francisco insistiu que todos devem &#8220;continuar caminhando&#8221;. Recordou aos jovens a &#8220;cultura do encontro&#8221;, um convite a manter vivo um sonho compartilhado, um sonho que tem um lugar para cada um, um sonho chamado Jesus.<\/p>\n<p>Cada um dos nossos povos viveu hist\u00f3rias e circunst\u00e2ncias distintas. Quantas coisas podem diferenciar-nos! Mas nada disso impediu que nos pud\u00e9ssemos encontrar e sentir felizes por estarmos juntos. Isto \u00e9 poss\u00edvel, porque sabemos que h\u00e1 algo que nos une, h\u00e1 Algu\u00e9m que nos faz irm\u00e3os.<\/p>\n<p>Tamb\u00e9m citou S\u00e3o Oscar Romero: \u201cO cristianismo n\u00e3o \u00e9 um conjunto de verdades para se acreditar, nem de leis para se observar nem de proibi\u00e7\u00f5es. O cristianismo significa perseguir o sonho pelo qual Jesus deu sua vida: amar com o mesmo amor com o qual ele nos amou a todos\u201d.<\/p>\n<p>O amor de Jesus continua Francisco \u201c\u00e9 um amor que n\u00e3o se imp\u00f5e nem esmaga, um amor que n\u00e3o marginaliza nem obriga a estar calado, um amor que n\u00e3o humilha nem subjuga. \u00c9 o amor do Senhor: amor di\u00e1rio, discreto e respeitador, amor feito de liberdade e para a liberdade, amor que cura e eleva. \u00c9 o amor silencioso da m\u00e3o estendida para servir, no servi\u00e7o e na doa\u00e7\u00e3o sem se vangloriar. \u00c9 um amor que tem sentido\u201d, disse o Papa Francisco.<\/p>\n<p>Eu lhes pergunto: Voc\u00eas creem neste amor? [Eles respondem: &#8220;Sim!&#8221;] Permitam-me fazer-lhes outra pergunta: \u00c9 um amor que tem sentido? Uma vez, Jesus respondeu a uma pessoa que fez uma pergunta dizendo: &#8220;Se cr\u00eas nisto, vai e faz tu o mesmo&#8221;. Em nome de Jesus, eu lhes digo: &#8220;V\u00e3o e fa\u00e7am o mesmo&#8221;. N\u00e3o tenham medo de amar, n\u00e3o tenham medo deste amor concreto, deste amor que \u00e9 terno, que \u00e9 servi\u00e7o, que d\u00e1 vida.<\/p>\n<p>Queridos jovens amigos, o resultado mais esperan\u00e7oso destas jornadas \u00e9 de que n\u00e3o sair\u00e1 &#8220;um documento final, uma mensagem consensual ou um programa a aplicar&#8221;.<\/p>\n<p>O mais esperan\u00e7oso deste encontro ser\u00e1 o rosto dos jovens no regresso a casa, com &#8220;aquela for\u00e7a nova que se gera sempre&#8221; nestes encontros, afirmou.<\/p>\n<p>Cada um voltar\u00e1 para casa com a for\u00e7a nova que se gera a cada vez que nos encontramos com os outros e com o Senhor, cheios do Esp\u00edrito Santo para recordar e manter vivo esse sonho que nos une e que estamos convidados a n\u00e3o deixar que se congele no cora\u00e7\u00e3o do mundo: ali onde nos encontrarmos, fazendo o que estivermos fazendo, sempre poderemos erguer os olhos e dizer: Senhor ensina-me a amar como tu nos amaste.<\/p>\n<p>O Papa Francisco concluiu pedindo a todos que repetissem com ele a frase: \u201cSenhor, ensina-me a amar como tu nos amaste\u201d.<\/p>\n","protected":false},"excerpt":{"rendered":"<p>Cidade do Panam\u00e1, Panam\u00e1. O Papa Francisco chegou ao Panam\u00e1 na tarde de quarta-feira, 23 de janeiro de 2019, para a hist\u00f3rica visita a este pa\u00eds e para reunir-se com jovens de todo o mundo movidos pela f\u00e9, participando da 34\u00aa Jornada Mundial da Juventude (JMJ). \u00c0 sua chegada ao aeroporto internacional de Tocumen, foi [&hellip;]<\/p>\n","protected":false},"author":2,"featured_media":39419,"comment_status":"closed","ping_status":"closed","sticky":false,"template":"","format":"standard","meta":{"_et_pb_use_builder":"","_et_pb_old_content":"","_et_gb_content_width":"","footnotes":""},"categories":[370,1931,486],"tags":[],"class_list":["post-41148","post","type-post","status-publish","format-standard","has-post-thumbnail","hentry","category-centroamerica-pt-pt","category-jmj-2019-fc-pt-pt","category-pastoral-juvenil-e-vocacional"],"jetpack_featured_media_url":"https:\/\/i0.wp.com\/www.claret.org\/wp-content\/uploads\/2019\/01\/IMG_20190124_170922_571.jpg?fit=1080%2C1080&ssl=1","jetpack_sharing_enabled":true,"jetpack_shortlink":"https:\/\/wp.me\/pdaBmi-aHG","jetpack_likes_enabled":true,"_links":{"self":[{"href":"https:\/\/www.claret.org\/pt-pt\/wp-json\/wp\/v2\/posts\/41148","targetHints":{"allow":["GET"]}}],"collection":[{"href":"https:\/\/www.claret.org\/pt-pt\/wp-json\/wp\/v2\/posts"}],"about":[{"href":"https:\/\/www.claret.org\/pt-pt\/wp-json\/wp\/v2\/types\/post"}],"author":[{"embeddable":true,"href":"https:\/\/www.claret.org\/pt-pt\/wp-json\/wp\/v2\/users\/2"}],"replies":[{"embeddable":true,"href":"https:\/\/www.claret.org\/pt-pt\/wp-json\/wp\/v2\/comments?post=41148"}],"version-history":[{"count":0,"href":"https:\/\/www.claret.org\/pt-pt\/wp-json\/wp\/v2\/posts\/41148\/revisions"}],"wp:featuredmedia":[{"embeddable":true,"href":"https:\/\/www.claret.org\/pt-pt\/wp-json\/wp\/v2\/media\/39419"}],"wp:attachment":[{"href":"https:\/\/www.claret.org\/pt-pt\/wp-json\/wp\/v2\/media?parent=41148"}],"wp:term":[{"taxonomy":"category","embeddable":true,"href":"https:\/\/www.claret.org\/pt-pt\/wp-json\/wp\/v2\/categories?post=41148"},{"taxonomy":"post_tag","embeddable":true,"href":"https:\/\/www.claret.org\/pt-pt\/wp-json\/wp\/v2\/tags?post=41148"}],"curies":[{"name":"wp","href":"https:\/\/api.w.org\/{rel}","templated":true}]}}