{"id":41309,"date":"2018-12-30T07:58:31","date_gmt":"2018-12-30T06:58:31","guid":{"rendered":"https:\/\/www.claret.org\/quinquenio-2018-nos-camaroes\/"},"modified":"2018-12-30T07:58:31","modified_gmt":"2018-12-30T06:58:31","slug":"quinquenio-2018-nos-camaroes","status":"publish","type":"post","link":"https:\/\/www.claret.org\/pt-pt\/quinquenio-2018-nos-camaroes\/","title":{"rendered":"Quinqu\u00eanio 2018 nos Camar\u00f5es"},"content":{"rendered":"<p><strong>Yaound\u00e9, Camar\u00f5es<\/strong>. O programa do Quinqu\u00eanio dos Camar\u00f5es para seus membros realizou-se de 26 a 29 de dezembro de 2018 na Casa do Noviciado Anton Probst, em Yaund\u00e9, sob a dire\u00e7\u00e3o do P. Th\u00e9ophile Parfait Yene, CMF com o tema &#8220;Permanecei em meu amor&#8221; (Jo 15, 9). Al\u00e9m das experi\u00eancias compartilhadas pelos jovens mission\u00e1rios, tamb\u00e9m se enriqueceram mutuamente com o interc\u00e2mbio de experi\u00eancias de alguns de seus irm\u00e3os mais velhos: o P. Michel Archangel Tigui, CMF, (Superior Maior), P. Rodolphe Mbida, CMF (Prefeito de Forma\u00e7\u00e3o), P. Franck Pare Loapan, CMF (Prefeito de Teologia da Casa dos Estudantes) e o P. Alexandre Mvogo, CMF. Seus testemunhos semearam neles a alegria de permanecer no amor de Cristo e a fixar sempre seu olhar em Jesus, que os envia em miss\u00e3o. Ademais, o Secret\u00e1rio da Delega\u00e7\u00e3o, P. Fr\u00e9d\u00e9ric Kpoumie, CMF, deu-lhes uma forma\u00e7\u00e3o sobre liturgia para melhorar sua forma de celebrar a Eucaristia.<\/p>\n","protected":false},"excerpt":{"rendered":"<p>Yaound\u00e9, Camar\u00f5es. O programa do Quinqu\u00eanio dos Camar\u00f5es para seus membros realizou-se de 26 a 29 de dezembro de 2018 na Casa do Noviciado Anton Probst, em Yaund\u00e9, sob a dire\u00e7\u00e3o do P. Th\u00e9ophile Parfait Yene, CMF com o tema &#8220;Permanecei em meu amor&#8221; (Jo 15, 9). Al\u00e9m das experi\u00eancias compartilhadas pelos jovens mission\u00e1rios, tamb\u00e9m [&hellip;]<\/p>\n","protected":false},"author":2,"featured_media":37445,"comment_status":"closed","ping_status":"closed","sticky":false,"template":"","format":"standard","meta":{"_et_pb_use_builder":"","_et_pb_old_content":"","_et_gb_content_width":"","footnotes":""},"categories":[135,624],"tags":[],"class_list":["post-41309","post","type-post","status-publish","format-standard","has-post-thumbnail","hentry","category-cameroun-pt-pt","category-formacao-permanente"],"jetpack_featured_media_url":"https:\/\/i0.wp.com\/www.claret.org\/wp-content\/uploads\/2019\/01\/Cameroun-Quinquennio-2018-5.jpg?fit=3264%2C2448&ssl=1","jetpack_sharing_enabled":true,"jetpack_shortlink":"https:\/\/wp.me\/pdaBmi-aKh","jetpack_likes_enabled":true,"_links":{"self":[{"href":"https:\/\/www.claret.org\/pt-pt\/wp-json\/wp\/v2\/posts\/41309","targetHints":{"allow":["GET"]}}],"collection":[{"href":"https:\/\/www.claret.org\/pt-pt\/wp-json\/wp\/v2\/posts"}],"about":[{"href":"https:\/\/www.claret.org\/pt-pt\/wp-json\/wp\/v2\/types\/post"}],"author":[{"embeddable":true,"href":"https:\/\/www.claret.org\/pt-pt\/wp-json\/wp\/v2\/users\/2"}],"replies":[{"embeddable":true,"href":"https:\/\/www.claret.org\/pt-pt\/wp-json\/wp\/v2\/comments?post=41309"}],"version-history":[{"count":0,"href":"https:\/\/www.claret.org\/pt-pt\/wp-json\/wp\/v2\/posts\/41309\/revisions"}],"wp:featuredmedia":[{"embeddable":true,"href":"https:\/\/www.claret.org\/pt-pt\/wp-json\/wp\/v2\/media\/37445"}],"wp:attachment":[{"href":"https:\/\/www.claret.org\/pt-pt\/wp-json\/wp\/v2\/media?parent=41309"}],"wp:term":[{"taxonomy":"category","embeddable":true,"href":"https:\/\/www.claret.org\/pt-pt\/wp-json\/wp\/v2\/categories?post=41309"},{"taxonomy":"post_tag","embeddable":true,"href":"https:\/\/www.claret.org\/pt-pt\/wp-json\/wp\/v2\/tags?post=41309"}],"curies":[{"name":"wp","href":"https:\/\/api.w.org\/{rel}","templated":true}]}}