{"id":42504,"date":"2019-02-23T08:51:59","date_gmt":"2019-02-23T07:51:59","guid":{"rendered":"https:\/\/www.claret.org\/reuniao-da-comissao-geral-de-economia\/"},"modified":"2019-02-23T08:51:59","modified_gmt":"2019-02-23T07:51:59","slug":"reuniao-da-comissao-geral-de-economia","status":"publish","type":"post","link":"https:\/\/www.claret.org\/pt-pt\/reuniao-da-comissao-geral-de-economia\/","title":{"rendered":"Reuni\u00e3o da Comiss\u00e3o Geral de Economia"},"content":{"rendered":"<p><strong>Roma, It\u00e1lia<\/strong>. Os membros da Comiss\u00e3o Geral de Economia se reuniram em Roma de 18 a 23 de fevereiro de 2019 para a revis\u00e3o anual dos balancetes e or\u00e7amentos dos diferentes Organismos Maiores da Congrega\u00e7\u00e3o e das comunidades e atividades que dependem diretamente da Administra\u00e7\u00e3o Geral. Este ano, o Ir. Giovanni Mauricio Ram\u00edrez Vanegas, CMF, da Col\u00f4mbia Oriental &#8211; Equador, recentemente nomeado membro da C\u00faria Geral, se integrou \u00e0 comiss\u00e3o. Da mesma forma, o P. John K.J. Arackaparampil, CMF, da Delega\u00e7\u00e3o Independente da Northest India, que faz parte do Conselho Geral de Economia, se juntou a eles pela primeira vez, em substitui\u00e7\u00e3o ao P. Mathew Pottemparampil, CMF, do Claretianum. Os dois se agregaram aos que j\u00e1 eram membros deste Conselho, a saber: P. Luiz Claudemir Botteon, CMF, da Prov\u00edncia do Brasil, P. \u00c1ngel de la Parte Par\u00eds, CMF, da Prov\u00edncia de Santiago, P. Rafael G\u00f3mez Busto, CMF, da Prov\u00edncia de Euskal Herria; Ir. Evencio Cu\u00f1ado, CMF, Assistente do Ec\u00f4nomo Geral, e o P. Manuel Tamargo, CMF, Ec\u00f4nomo Geral.<\/p>\n","protected":false},"excerpt":{"rendered":"<p>Roma, It\u00e1lia. Os membros da Comiss\u00e3o Geral de Economia se reuniram em Roma de 18 a 23 de fevereiro de 2019 para a revis\u00e3o anual dos balancetes e or\u00e7amentos dos diferentes Organismos Maiores da Congrega\u00e7\u00e3o e das comunidades e atividades que dependem diretamente da Administra\u00e7\u00e3o Geral. Este ano, o Ir. Giovanni Mauricio Ram\u00edrez Vanegas, CMF, [&hellip;]<\/p>\n","protected":false},"author":2,"featured_media":42406,"comment_status":"closed","ping_status":"closed","sticky":false,"template":"","format":"standard","meta":{"_et_pb_use_builder":"","_et_pb_old_content":"","_et_gb_content_width":"","footnotes":""},"categories":[508],"tags":[],"class_list":["post-42504","post","type-post","status-publish","format-standard","has-post-thumbnail","hentry","category-economia-pt-pt"],"jetpack_featured_media_url":"https:\/\/i0.wp.com\/www.claret.org\/wp-content\/uploads\/2019\/02\/GE-20190220-General-Economic-Commission-1.jpg?fit=3648%2C2736&ssl=1","jetpack_sharing_enabled":true,"jetpack_shortlink":"https:\/\/wp.me\/pdaBmi-b3y","jetpack_likes_enabled":true,"_links":{"self":[{"href":"https:\/\/www.claret.org\/pt-pt\/wp-json\/wp\/v2\/posts\/42504","targetHints":{"allow":["GET"]}}],"collection":[{"href":"https:\/\/www.claret.org\/pt-pt\/wp-json\/wp\/v2\/posts"}],"about":[{"href":"https:\/\/www.claret.org\/pt-pt\/wp-json\/wp\/v2\/types\/post"}],"author":[{"embeddable":true,"href":"https:\/\/www.claret.org\/pt-pt\/wp-json\/wp\/v2\/users\/2"}],"replies":[{"embeddable":true,"href":"https:\/\/www.claret.org\/pt-pt\/wp-json\/wp\/v2\/comments?post=42504"}],"version-history":[{"count":0,"href":"https:\/\/www.claret.org\/pt-pt\/wp-json\/wp\/v2\/posts\/42504\/revisions"}],"wp:featuredmedia":[{"embeddable":true,"href":"https:\/\/www.claret.org\/pt-pt\/wp-json\/wp\/v2\/media\/42406"}],"wp:attachment":[{"href":"https:\/\/www.claret.org\/pt-pt\/wp-json\/wp\/v2\/media?parent=42504"}],"wp:term":[{"taxonomy":"category","embeddable":true,"href":"https:\/\/www.claret.org\/pt-pt\/wp-json\/wp\/v2\/categories?post=42504"},{"taxonomy":"post_tag","embeddable":true,"href":"https:\/\/www.claret.org\/pt-pt\/wp-json\/wp\/v2\/tags?post=42504"}],"curies":[{"name":"wp","href":"https:\/\/api.w.org\/{rel}","templated":true}]}}