{"id":42614,"date":"2019-02-25T12:48:47","date_gmt":"2019-02-25T11:48:47","guid":{"rendered":"https:\/\/www.claret.org\/a-revolucao-da-ternura\/"},"modified":"2019-02-25T12:48:47","modified_gmt":"2019-02-25T11:48:47","slug":"a-revolucao-da-ternura","status":"publish","type":"post","link":"https:\/\/www.claret.org\/pt-pt\/a-revolucao-da-ternura\/","title":{"rendered":"A revolu\u00e7\u00e3o da ternura"},"content":{"rendered":"<p><strong>Roma, It\u00e1lia<\/strong>. De 22 a 24 de fevereiro, realizou-se em Roma o congresso &#8220;A revolu\u00e7\u00e3o da ternura. O cora\u00e7\u00e3o de Maria&#8221;. Foi uma iniciativa conjunta de dois institutos religiosos (os Mission\u00e1rios Filhos do Imaculado Cora\u00e7\u00e3o de Maria &#8211; Claretianos &#8211; e a Congrega\u00e7\u00e3o de Nossa Senhora da Caridade do Bom Pastor) e de uma Sociedade de Vida Apost\u00f3lica (a Congrega\u00e7\u00e3o de Jesus e Maria &#8211; Eudistas ). O congresso foi tamb\u00e9m patrocinado pela Pontif\u00edcia Academia Mariana Internacional (PAMI), pela Pontif\u00edcia Faculdade Teol\u00f3gica Marianum e pela Associa\u00e7\u00e3o Mariol\u00f3gica Italiana (AMI). Os dois primeiros dias foram desenvolvidos no espa\u00e7oso e moderno audit\u00f3rio Antonianum (Viale Manzoni 1). No domingo 24, a confer\u00eancia final, a cargo do cardeal hondurenho Oscar Andr\u00e9s Rodr\u00edguez Maradiaga, aconteceu no Teatro Euclide. A Eucaristia, presidida pelo mesmo Cardeal, foi celebrada na Bas\u00edlica do Cora\u00e7\u00e3o de Maria do Parioli. Os dois espa\u00e7os pertencem \u00e0 nossa Congrega\u00e7\u00e3o.<\/p>\n<p>O programa completo do congresso, com a participa\u00e7\u00e3o de aproximadamente 150 pessoas, incluindo muitos claretianos da C\u00faria Geral e do Claretianum, pode ser encontrado em www.ccormariae.com. O P. Jos\u00e9 Mar\u00eda Hern\u00e1ndez, p\u00e1roco da Bas\u00edlica do Cora\u00e7\u00e3o de Maria em Roma, foi o representante do Governo Geral no comit\u00ea organizador. No desenvolvimento do congresso participou tamb\u00e9m o P. Gonzalo Fern\u00e1ndez, Prefeito Geral de Espiritualidade, como moderador de algumas das sess\u00f5es, encarregado de apresentar os testemunhos dos jovens e da ora\u00e7\u00e3o do primeiro dia. Duas outras reflex\u00f5es foram apresentadas por outros dois claretianos da Prov\u00edncia de Santiago. Pablo Largo, diretor da revista Ephemerides Mariologicae, falou sobre &#8220;A Teologia do Cora\u00e7\u00e3o de Maria&#8221;. Trajet\u00f3ria e balan\u00e7o&#8221;. Jos\u00e9 Cristo Rey Garc\u00eda falou sobre &#8220;O Cora\u00e7\u00e3o de Maria no cora\u00e7\u00e3o da miss\u00e3o&#8221;. Abordagem pastoral &#8220;. As duas apresenta\u00e7\u00f5es, pronunciadas em italiano, foram muito apreciadas.<\/p>\n<p>Este congresso, realizado em conjunto com outros institutos com os quais compartilhamos a espiritualidade do Cora\u00e7\u00e3o de Maria, pode ser uma nova oportunidade para promover nossa identidade cordimariana, bem como algumas iniciativas que t\u00eam a ver com a renova\u00e7\u00e3o da Arquiconfraria do Cora\u00e7\u00e3o de Maria, o impulso ao templo votivo de Roma, etc. Em um mundo frio e endurecido, a &#8220;revolu\u00e7\u00e3o da ternura&#8221;, impulsionada pelo Papa Francisco, constitui o suplemento do &#8220;cora\u00e7\u00e3o&#8221; necess\u00e1rio para humaniz\u00e1-la a partir da chave do Cora\u00e7\u00e3o de Maria. Na breve mensagem que o Papa Francisco dirigiu aos congressistas, ele os convidou a sempre olhar para o seu Cora\u00e7\u00e3o.<\/p>\n","protected":false},"excerpt":{"rendered":"<p>Roma, It\u00e1lia. De 22 a 24 de fevereiro, realizou-se em Roma o congresso &#8220;A revolu\u00e7\u00e3o da ternura. O cora\u00e7\u00e3o de Maria&#8221;. Foi uma iniciativa conjunta de dois institutos religiosos (os Mission\u00e1rios Filhos do Imaculado Cora\u00e7\u00e3o de Maria &#8211; Claretianos &#8211; e a Congrega\u00e7\u00e3o de Nossa Senhora da Caridade do Bom Pastor) e de uma Sociedade [&hellip;]<\/p>\n","protected":false},"author":2,"featured_media":42581,"comment_status":"closed","ping_status":"closed","sticky":false,"template":"","format":"standard","meta":{"_et_pb_use_builder":"","_et_pb_old_content":"","_et_gb_content_width":"","footnotes":""},"categories":[614],"tags":[],"class_list":["post-42614","post","type-post","status-publish","format-standard","has-post-thumbnail","hentry","category-espiritualidade"],"jetpack_featured_media_url":"https:\/\/i0.wp.com\/www.claret.org\/wp-content\/uploads\/2019\/02\/ES-20190224-La-revoluci%C3%B3n-de-la-ternura-1.jpg?fit=3456%2C2304&ssl=1","jetpack_sharing_enabled":true,"jetpack_shortlink":"https:\/\/wp.me\/pdaBmi-b5k","jetpack_likes_enabled":true,"_links":{"self":[{"href":"https:\/\/www.claret.org\/pt-pt\/wp-json\/wp\/v2\/posts\/42614","targetHints":{"allow":["GET"]}}],"collection":[{"href":"https:\/\/www.claret.org\/pt-pt\/wp-json\/wp\/v2\/posts"}],"about":[{"href":"https:\/\/www.claret.org\/pt-pt\/wp-json\/wp\/v2\/types\/post"}],"author":[{"embeddable":true,"href":"https:\/\/www.claret.org\/pt-pt\/wp-json\/wp\/v2\/users\/2"}],"replies":[{"embeddable":true,"href":"https:\/\/www.claret.org\/pt-pt\/wp-json\/wp\/v2\/comments?post=42614"}],"version-history":[{"count":0,"href":"https:\/\/www.claret.org\/pt-pt\/wp-json\/wp\/v2\/posts\/42614\/revisions"}],"wp:featuredmedia":[{"embeddable":true,"href":"https:\/\/www.claret.org\/pt-pt\/wp-json\/wp\/v2\/media\/42581"}],"wp:attachment":[{"href":"https:\/\/www.claret.org\/pt-pt\/wp-json\/wp\/v2\/media?parent=42614"}],"wp:term":[{"taxonomy":"category","embeddable":true,"href":"https:\/\/www.claret.org\/pt-pt\/wp-json\/wp\/v2\/categories?post=42614"},{"taxonomy":"post_tag","embeddable":true,"href":"https:\/\/www.claret.org\/pt-pt\/wp-json\/wp\/v2\/tags?post=42614"}],"curies":[{"name":"wp","href":"https:\/\/api.w.org\/{rel}","templated":true}]}}