{"id":43173,"date":"2019-03-06T22:18:10","date_gmt":"2019-03-06T21:18:10","guid":{"rendered":"https:\/\/www.claret.org\/cem-anos-de-presenca-claretiana-em-bata-guine-equatorial\/"},"modified":"2019-03-06T22:18:10","modified_gmt":"2019-03-06T21:18:10","slug":"cem-anos-de-presenca-claretiana-em-bata-guine-equatorial","status":"publish","type":"post","link":"https:\/\/www.claret.org\/pt-pt\/cem-anos-de-presenca-claretiana-em-bata-guine-equatorial\/","title":{"rendered":"Cem anos de presen\u00e7a claretiana em Bata, Guin\u00e9 Equatorial"},"content":{"rendered":"<p>Bata, Guin\u00e9 Equatorial. Os Mission\u00e1rios Claretianos celebram os cem anos de sua presen\u00e7a em Bata, Guin\u00e9 Equatorial (1919 &#8211; 2019), durante este ano. Com uma missa de abertura, em 3 de mar\u00e7o de 2019 na Catedral de S\u00e3o Tiago e Nossa Senhora do Pilar, Bata, presidida pelo bispo local, Dom Juan Matogo Oyana CMF, a Delega\u00e7\u00e3o Independente Padre Xifr\u00e9 iniciou a celebra\u00e7\u00e3o deste anivers\u00e1rio.<\/p>\n<p>Em conson\u00e2ncia com este anivers\u00e1rio, alguns eventos ser\u00e3o realizados, como, por exemplo, os seguintes: 28 de mar\u00e7o &#8211; Dia das Voca\u00e7\u00f5es; 29 de mar\u00e7o &#8211; Mesa redonda sobre a miss\u00e3o claretiana em Bata; 30 de mar\u00e7o \u2013 Bodas de Ouro da Ordena\u00e7\u00e3o Presbiteral do Pe. Pedro Nkogo Eyi Angu\u00e9, CMF; 4 de maio \u2013 Encontro de jovens; 29 de junho, na festa do Imaculado Cora\u00e7\u00e3o de Maria &#8211; celebra\u00e7\u00e3o as Associa\u00e7\u00f5es Cordimarianas da regi\u00e3o; 7 de julho &#8211; Encerramento dos festejos dos Cem anos de presen\u00e7a claretiana em Bata.<\/p>\n","protected":false},"excerpt":{"rendered":"<p>Bata, Guin\u00e9 Equatorial. Os Mission\u00e1rios Claretianos celebram os cem anos de sua presen\u00e7a em Bata, Guin\u00e9 Equatorial (1919 &#8211; 2019), durante este ano. Com uma missa de abertura, em 3 de mar\u00e7o de 2019 na Catedral de S\u00e3o Tiago e Nossa Senhora do Pilar, Bata, presidida pelo bispo local, Dom Juan Matogo Oyana CMF, a [&hellip;]<\/p>\n","protected":false},"author":2,"featured_media":43132,"comment_status":"closed","ping_status":"closed","sticky":false,"template":"","format":"standard","meta":{"_et_pb_use_builder":"","_et_pb_old_content":"","_et_gb_content_width":"","footnotes":""},"categories":[170],"tags":[],"class_list":["post-43173","post","type-post","status-publish","format-standard","has-post-thumbnail","hentry","category-padre-xifre-pt-pt"],"jetpack_featured_media_url":"https:\/\/i0.wp.com\/www.claret.org\/wp-content\/uploads\/2019\/03\/PX-20190306-100-years-of-Claretian-presence-in-Bata-1.jpeg?fit=1032%2C774&ssl=1","jetpack_sharing_enabled":true,"jetpack_shortlink":"https:\/\/wp.me\/pdaBmi-bel","jetpack_likes_enabled":true,"_links":{"self":[{"href":"https:\/\/www.claret.org\/pt-pt\/wp-json\/wp\/v2\/posts\/43173","targetHints":{"allow":["GET"]}}],"collection":[{"href":"https:\/\/www.claret.org\/pt-pt\/wp-json\/wp\/v2\/posts"}],"about":[{"href":"https:\/\/www.claret.org\/pt-pt\/wp-json\/wp\/v2\/types\/post"}],"author":[{"embeddable":true,"href":"https:\/\/www.claret.org\/pt-pt\/wp-json\/wp\/v2\/users\/2"}],"replies":[{"embeddable":true,"href":"https:\/\/www.claret.org\/pt-pt\/wp-json\/wp\/v2\/comments?post=43173"}],"version-history":[{"count":0,"href":"https:\/\/www.claret.org\/pt-pt\/wp-json\/wp\/v2\/posts\/43173\/revisions"}],"wp:featuredmedia":[{"embeddable":true,"href":"https:\/\/www.claret.org\/pt-pt\/wp-json\/wp\/v2\/media\/43132"}],"wp:attachment":[{"href":"https:\/\/www.claret.org\/pt-pt\/wp-json\/wp\/v2\/media?parent=43173"}],"wp:term":[{"taxonomy":"category","embeddable":true,"href":"https:\/\/www.claret.org\/pt-pt\/wp-json\/wp\/v2\/categories?post=43173"},{"taxonomy":"post_tag","embeddable":true,"href":"https:\/\/www.claret.org\/pt-pt\/wp-json\/wp\/v2\/tags?post=43173"}],"curies":[{"name":"wp","href":"https:\/\/api.w.org\/{rel}","templated":true}]}}