{"id":43636,"date":"2019-03-25T12:01:03","date_gmt":"2019-03-25T11:01:03","guid":{"rendered":"https:\/\/www.claret.org\/pe-leo-dalmao-cmf-nomeado-bispo-da-prelazia-territorial-de-isabela\/"},"modified":"2019-03-25T12:01:03","modified_gmt":"2019-03-25T11:01:03","slug":"pe-leo-dalmao-cmf-nomeado-bispo-da-prelazia-territorial-de-isabela","status":"publish","type":"post","link":"https:\/\/www.claret.org\/pt-pt\/pe-leo-dalmao-cmf-nomeado-bispo-da-prelazia-territorial-de-isabela\/","title":{"rendered":"Pe. Leo Dalmao, CMF, nomeado bispo da Prelazia Territorial de Isabela"},"content":{"rendered":"<p><strong>Cidade do Vaticano.<\/strong> O Vaticano anunciou ao meio-dia de hoje, 25 de mar\u00e7o de 2019, solenidade da Anuncia\u00e7\u00e3o, a nomea\u00e7\u00e3o, pelo Papa Francisco, do Pe. Leo M. Dalmao, CMF, atual Prefeito Geral de Forma\u00e7\u00e3o da Congrega\u00e7\u00e3o dos Mission\u00e1rios Filhos do Imaculado Cora\u00e7\u00e3o de Maria (Mission\u00e1rios Claretianos), como Bispo da <em>Praelatura Territorialis Isabellapolitana<\/em> (Prelazia Territorial de Isabela) ao sul das Filipinas.<\/p>\n<p>A Prelazia Territorial de Isabela foi erigida aos 12 de outubro de 1963 e compreende a Prov\u00edncia de Basilan, com 1.359 km quadrados, e as cidades de Isabela e Lamitan, com aproximadamente 126 mil cat\u00f3licos. No dia 24 de outubro de 1963, Dom Jos\u00e9 Mar\u00eda Querejeta Mendiz\u00e1bal, CMF, foi nomeado seu primeiro ordin\u00e1rio local. At\u00e9 hoje os Mission\u00e1rios Claretianos est\u00e3o presentes em tr\u00eas lugares na ilha, com escolas e par\u00f3quias.<\/p>\n<p>O Pe. Leo, filho de Wilfredo Dalmao e Rosario Magdugo, nasceu no dia 1\u00ba de dezembro de 1969 na cidade de Tagbilaran, Bohol, Filipinas. Foi batizado na Catedral de S\u00e3o Jos\u00e9, cidade de Tagbilaran, Bohol. Ingressou na Congrega\u00e7\u00e3o em 1986 e estudou Filosofia no Centro de Forma\u00e7\u00e3o Claret, agora conhecido como <em>St. Anthony Mary Claret College<\/em>. Fez sua Primeira Profiss\u00e3o Religiosa no dia 3 de maio de 1992 em Bungiao, cidade de Zamboanga. Fez o bacharelado em Sagrada Teologia e mestrado na <em>Loyola School of Theology<\/em>, Universidade Ateneu de Manila, em Quezon City, de 1992 a 1997. Fez a Profiss\u00e3o Perp\u00e9tua no dia 16 de julho de 1996 em Quezon City e foi ordenado sacerdote por Dom Jos\u00e9 Mar\u00eda Querejeta Mendiz\u00e1bal, CMF, Bispo da Prelazia de Isabela aos 31 de maio de 1997 na Par\u00f3quia do Imaculado Cora\u00e7\u00e3o de Maria em Quezon City. Seu primeiro destino depois da ordena\u00e7\u00e3o presbiteral foi na ilha de Basilan. Foi Coordenador de Projetos para os povos ind\u00edgenas <em>Samal-Badjau<\/em>. Seus anos de perman\u00eancia no lugar lhe deram a oportunidade de conhecer e experimentar a vida e a miss\u00e3o dos Mission\u00e1rios Claretianos em todo o sul das Filipinas.<\/p>\n<p>Depois de Basilan, foi nomeado Prefeito de Estudantes no ano 2000 e tr\u00eas anos depois, foi nomeado Mestre de Novi\u00e7os enquanto era tamb\u00e9m Consultor e Prefeito de Forma\u00e7\u00e3o da Prov\u00edncia das Filipinas. Foi eleito Superior Provincial de Filipinas em 2010. Enquanto ocupava o cargo de Superior, foi tamb\u00e9m copresidente da Associa\u00e7\u00e3o dos Superiores Maiores das Filipinas (AMRSP) at\u00e9 sua elei\u00e7\u00e3o em 2015 como Consultor Geral e Prefeito Geral de Forma\u00e7\u00e3o da Congrega\u00e7\u00e3o durante o XXV Cap\u00edtulo Geral celebrado em Roma.<\/p>\n","protected":false},"excerpt":{"rendered":"<p>Cidade do Vaticano. O Vaticano anunciou ao meio-dia de hoje, 25 de mar\u00e7o de 2019, solenidade da Anuncia\u00e7\u00e3o, a nomea\u00e7\u00e3o, pelo Papa Francisco, do Pe. Leo M. Dalmao, CMF, atual Prefeito Geral de Forma\u00e7\u00e3o da Congrega\u00e7\u00e3o dos Mission\u00e1rios Filhos do Imaculado Cora\u00e7\u00e3o de Maria (Mission\u00e1rios Claretianos), como Bispo da Praelatura Territorialis Isabellapolitana (Prelazia Territorial de [&hellip;]<\/p>\n","protected":false},"author":2,"featured_media":43624,"comment_status":"closed","ping_status":"closed","sticky":false,"template":"","format":"standard","meta":{"_et_pb_use_builder":"","_et_pb_old_content":"","_et_gb_content_width":"","footnotes":""},"categories":[518,505],"tags":[],"class_list":["post-43636","post","type-post","status-publish","format-standard","has-post-thumbnail","hentry","category-governo-geral","category-noticias-eclesiasticas-pt-pt"],"jetpack_featured_media_url":"https:\/\/i0.wp.com\/www.claret.org\/wp-content\/uploads\/2019\/03\/Leo-Bishop.jpg?fit=7185%2C3520&ssl=1","jetpack_sharing_enabled":true,"jetpack_shortlink":"https:\/\/wp.me\/pdaBmi-blO","jetpack_likes_enabled":true,"_links":{"self":[{"href":"https:\/\/www.claret.org\/pt-pt\/wp-json\/wp\/v2\/posts\/43636","targetHints":{"allow":["GET"]}}],"collection":[{"href":"https:\/\/www.claret.org\/pt-pt\/wp-json\/wp\/v2\/posts"}],"about":[{"href":"https:\/\/www.claret.org\/pt-pt\/wp-json\/wp\/v2\/types\/post"}],"author":[{"embeddable":true,"href":"https:\/\/www.claret.org\/pt-pt\/wp-json\/wp\/v2\/users\/2"}],"replies":[{"embeddable":true,"href":"https:\/\/www.claret.org\/pt-pt\/wp-json\/wp\/v2\/comments?post=43636"}],"version-history":[{"count":0,"href":"https:\/\/www.claret.org\/pt-pt\/wp-json\/wp\/v2\/posts\/43636\/revisions"}],"wp:featuredmedia":[{"embeddable":true,"href":"https:\/\/www.claret.org\/pt-pt\/wp-json\/wp\/v2\/media\/43624"}],"wp:attachment":[{"href":"https:\/\/www.claret.org\/pt-pt\/wp-json\/wp\/v2\/media?parent=43636"}],"wp:term":[{"taxonomy":"category","embeddable":true,"href":"https:\/\/www.claret.org\/pt-pt\/wp-json\/wp\/v2\/categories?post=43636"},{"taxonomy":"post_tag","embeddable":true,"href":"https:\/\/www.claret.org\/pt-pt\/wp-json\/wp\/v2\/tags?post=43636"}],"curies":[{"name":"wp","href":"https:\/\/api.w.org\/{rel}","templated":true}]}}