{"id":45053,"date":"2019-05-14T06:31:16","date_gmt":"2019-05-14T04:31:16","guid":{"rendered":"https:\/\/www.claret.org\/encontro-de-prefeitos-de-formacao\/"},"modified":"2019-05-14T14:23:21","modified_gmt":"2019-05-14T12:23:21","slug":"encontro-de-prefeitos-de-formacao","status":"publish","type":"post","link":"https:\/\/www.claret.org\/pt-pt\/encontro-de-prefeitos-de-formacao\/","title":{"rendered":"Encontro de Prefeitos de Forma\u00e7\u00e3o"},"content":{"rendered":"<p>O Encontro dos Prefeitos de Forma\u00e7\u00e3o de nossa Congrega\u00e7\u00e3o (de 13 a 22 de maio de 2019), com a presen\u00e7a do Superior Geral Mathew Vattamattam, animador do Encontro, come\u00e7ou hoje, 13 de maio de 2019, na Casa de Tetiros Claret, Guatemala. O Encontro baseia-se no tema &#8220;Progredir e crescer como disc\u00edpulos at\u00e9 nos transformarmos como nosso Fundador, Santo Ant\u00f4nio Maria Claret&#8221;. H\u00e1 31 participantes dos nossos principais organismos (prov\u00edncias e delega\u00e7\u00f5es). Este importante evento come\u00e7ou com um retiro de meio dia e a Santa Missa conduzida pelo Pe. Ismael Montero, Superior Provincial da Am\u00e9rica Central.\r\n\r\n&nbsp;\r\n\r\n&nbsp;\r\n\r\nNas sess\u00f5es da tarde, os participantes se apresentaram e discutiram as quest\u00f5es pertencentes ao cronograma e hor\u00e1rio do programa do encontro. O Pe. Mathew Vattamattam dirigiu uma reflex\u00e3o aos participantes e lhes iluminou sobre a import\u00e2ncia do encontro.\r\n\r\n&nbsp;\r\n\r\n<strong> <\/strong>\r\n<ul>\r\n \t<li><strong>Durante o encontro os participantes se concentrar\u00e3o no discernimento e acompanhamento, a interculturalidade e a solidariedade e miss\u00e3o<\/strong><\/li>\r\n \t<li><strong>Outro tema importante \u00e9 a discuss\u00e3o sobre o PGF (Plano Geral de Forma\u00e7\u00e3o)<\/strong><\/li>\r\n<\/ul>\r\n&nbsp;\r\n\r\n&nbsp;\r\n\r\n&nbsp;\r\n\r\nNa sess\u00e3o final do dia, os participantes se reuniram por Confer\u00eancias e discutiram as perguntas sobre dados estat\u00edsticos dos Estudantes em forma\u00e7\u00e3o, itiner\u00e1rio formativo, desafios e consist\u00eancias em nossos processos formativos, melhores pr\u00e1ticas formativas em nossa forma\u00e7\u00e3o, membros de cada Organismo Maior enviados \u00e0 miss\u00e3o universal. <\/p>\r\n","protected":false},"excerpt":{"rendered":"","protected":false},"author":3,"featured_media":45005,"comment_status":"closed","ping_status":"closed","sticky":false,"template":"","format":"standard","meta":{"_et_pb_use_builder":"off","_et_pb_old_content":"","_et_gb_content_width":"","footnotes":""},"categories":[1099,501],"tags":[],"class_list":["post-45053","post","type-post","status-publish","format-standard","has-post-thumbnail","hentry","category-congregacao","category-formacao"],"jetpack_featured_media_url":"https:\/\/i0.wp.com\/www.claret.org\/wp-content\/uploads\/2019\/05\/Encounter.jpg?fit=4032%2C2268&ssl=1","jetpack_sharing_enabled":true,"jetpack_shortlink":"https:\/\/wp.me\/pdaBmi-bIF","jetpack_likes_enabled":true,"_links":{"self":[{"href":"https:\/\/www.claret.org\/pt-pt\/wp-json\/wp\/v2\/posts\/45053","targetHints":{"allow":["GET"]}}],"collection":[{"href":"https:\/\/www.claret.org\/pt-pt\/wp-json\/wp\/v2\/posts"}],"about":[{"href":"https:\/\/www.claret.org\/pt-pt\/wp-json\/wp\/v2\/types\/post"}],"author":[{"embeddable":true,"href":"https:\/\/www.claret.org\/pt-pt\/wp-json\/wp\/v2\/users\/3"}],"replies":[{"embeddable":true,"href":"https:\/\/www.claret.org\/pt-pt\/wp-json\/wp\/v2\/comments?post=45053"}],"version-history":[{"count":0,"href":"https:\/\/www.claret.org\/pt-pt\/wp-json\/wp\/v2\/posts\/45053\/revisions"}],"wp:featuredmedia":[{"embeddable":true,"href":"https:\/\/www.claret.org\/pt-pt\/wp-json\/wp\/v2\/media\/45005"}],"wp:attachment":[{"href":"https:\/\/www.claret.org\/pt-pt\/wp-json\/wp\/v2\/media?parent=45053"}],"wp:term":[{"taxonomy":"category","embeddable":true,"href":"https:\/\/www.claret.org\/pt-pt\/wp-json\/wp\/v2\/categories?post=45053"},{"taxonomy":"post_tag","embeddable":true,"href":"https:\/\/www.claret.org\/pt-pt\/wp-json\/wp\/v2\/tags?post=45053"}],"curies":[{"name":"wp","href":"https:\/\/api.w.org\/{rel}","templated":true}]}}