{"id":45164,"date":"2019-05-14T15:09:40","date_gmt":"2019-05-14T13:09:40","guid":{"rendered":"https:\/\/www.claret.org\/tem-inicio-a-vii-assembleia-ordinaria-da-delegacao-de-antilhas\/"},"modified":"2019-05-15T15:59:55","modified_gmt":"2019-05-15T13:59:55","slug":"tem-inicio-a-vii-assembleia-ordinaria-da-delegacao-de-antilhas","status":"publish","type":"post","link":"https:\/\/www.claret.org\/pt-pt\/tem-inicio-a-vii-assembleia-ordinaria-da-delegacao-de-antilhas\/","title":{"rendered":"TEM IN\u00cdCIO A VII ASSEMBLEIA ORDIN\u00c1RIA DA DELEGA\u00c7\u00c3O DE ANTILHAS"},"content":{"rendered":"<p><strong>Puerto Plata, Rep\u00fablica Dominicana.<\/strong> Sob o lema &#8220;Subir e descer da montanha&#8221;, os Mission\u00e1rios Claretianos da Delega\u00e7\u00e3o Independente das Antilhas iniciou sua VII Assembleia Ordin\u00e1ria em 13 de maio de 2019 na Casa de Retiros Fusima\u00f1a. Acompanhados pelo Pe. Manuel Tamargo, Ec\u00f4nomo Geral, que preside a Assembleia como delegado do Padre Geral, foi inaugurado um caminho comunit\u00e1rio de discernimento e proje\u00e7\u00e3o para assumir o Projeto Mission\u00e1rio-Apost\u00f3lico como caminho de experi\u00eancia espiritual, para alcan\u00e7ar uma linguagem e organiza\u00e7\u00e3o comum, e considerar op\u00e7\u00f5es para o tri\u00eanio 2019-2021.<\/p>\r\n<p> <\/p>\r\n\r\n<p> Durante a primeira sess\u00e3o, o Pe. Jos\u00e9 Camilo Minaya, Superior Maior da Delega\u00e7\u00e3o, deu as boas-vindas aos presentes e encorajou-os a subir com Jesus \u00e0 montanha (Mc 9, 2-10), para encontr\u00e1-lo e ouvi-lo, para descobrir sua presen\u00e7a no meio da comunidade mission\u00e1ria.<\/p>\r\n<p> <\/p>\r\n<p> O Pe. Manuel Tamargo, que presidiu a Eucaristia, convidou, \u00e0 luz do Evangelho, a reconhecer-se como membros do mesmo rebanho que tem a mesma miss\u00e3o, a ouvir a voz do Pastor, o que ele nos pede neste momento e a enriquecer andando com suas contribui\u00e7\u00f5es. Da mesma forma, ele encorajou os presentes a manter tr\u00eas atitudes: alegria, sonhar com otimismo e buscar a humildade.<\/p>\r\n<p> <\/p>\r\n<p> A atual Assembleia torna-se espa\u00e7o para renovar a esperan\u00e7a e despertar o desejo de continuar aceitando as propostas da XXV Declara\u00e7\u00e3o do Cap\u00edtulo Geral. Para tanto, durante uma semana, aprofundar-se-\u00e1 nas \u00e1reas de Governo, Economia, Pastoral Juvenil, Apostolado, Forma\u00e7\u00e3o e Espiritualidade, tendo sempre como chaves a descoberta, sonhar, projetar, assumir e comprometer-se.<\/p>\r\n","protected":false},"excerpt":{"rendered":"","protected":false},"author":3,"featured_media":45070,"comment_status":"closed","ping_status":"closed","sticky":false,"template":"","format":"standard","meta":{"_et_pb_use_builder":"off","_et_pb_old_content":"","_et_gb_content_width":"","footnotes":""},"categories":[358,354],"tags":[],"class_list":["post-45164","post","type-post","status-publish","format-standard","has-post-thumbnail","hentry","category-antillas-pt-pt","category-micla-pt-pt"],"jetpack_featured_media_url":"https:\/\/i0.wp.com\/www.claret.org\/wp-content\/uploads\/2019\/05\/Asamblea.jpeg?fit=1024%2C576&ssl=1","jetpack_sharing_enabled":true,"jetpack_shortlink":"https:\/\/wp.me\/pdaBmi-bKs","jetpack_likes_enabled":true,"_links":{"self":[{"href":"https:\/\/www.claret.org\/pt-pt\/wp-json\/wp\/v2\/posts\/45164","targetHints":{"allow":["GET"]}}],"collection":[{"href":"https:\/\/www.claret.org\/pt-pt\/wp-json\/wp\/v2\/posts"}],"about":[{"href":"https:\/\/www.claret.org\/pt-pt\/wp-json\/wp\/v2\/types\/post"}],"author":[{"embeddable":true,"href":"https:\/\/www.claret.org\/pt-pt\/wp-json\/wp\/v2\/users\/3"}],"replies":[{"embeddable":true,"href":"https:\/\/www.claret.org\/pt-pt\/wp-json\/wp\/v2\/comments?post=45164"}],"version-history":[{"count":0,"href":"https:\/\/www.claret.org\/pt-pt\/wp-json\/wp\/v2\/posts\/45164\/revisions"}],"wp:featuredmedia":[{"embeddable":true,"href":"https:\/\/www.claret.org\/pt-pt\/wp-json\/wp\/v2\/media\/45070"}],"wp:attachment":[{"href":"https:\/\/www.claret.org\/pt-pt\/wp-json\/wp\/v2\/media?parent=45164"}],"wp:term":[{"taxonomy":"category","embeddable":true,"href":"https:\/\/www.claret.org\/pt-pt\/wp-json\/wp\/v2\/categories?post=45164"},{"taxonomy":"post_tag","embeddable":true,"href":"https:\/\/www.claret.org\/pt-pt\/wp-json\/wp\/v2\/tags?post=45164"}],"curies":[{"name":"wp","href":"https:\/\/api.w.org\/{rel}","templated":true}]}}