{"id":46134,"date":"2019-06-03T16:41:50","date_gmt":"2019-06-03T14:41:50","guid":{"rendered":"https:\/\/www.claret.org\/analise-dos-resultados-da-pesquisa-congregacional-sobre-o-projeto-ms-70-5-sobre-vida-comunitaria\/"},"modified":"2019-06-05T15:17:23","modified_gmt":"2019-06-05T13:17:23","slug":"analise-dos-resultados-da-pesquisa-congregacional-sobre-o-projeto-ms-70-5-sobre-vida-comunitaria","status":"publish","type":"post","link":"https:\/\/www.claret.org\/pt-pt\/analise-dos-resultados-da-pesquisa-congregacional-sobre-o-projeto-ms-70-5-sobre-vida-comunitaria\/","title":{"rendered":"An\u00e1lise dos resultados da pesquisa congregacional sobre o projeto MS 70.5 sobre vida comunit\u00e1ria"},"content":{"rendered":"<p>A Pesquisa sobre a Vida Comunit\u00e1ria foi realizada entre mar\u00e7o e abril de 2019, como uma das etapas preliminares para a prepara\u00e7\u00e3o de materiais de apoio, a fim de facilitar uma reflex\u00e3o interdisciplinar sobre a vida em comunidade, a fim de fortalec\u00ea-la dentro da Congrega\u00e7\u00e3o, conforme o que se decidiu no XXV Cap\u00edtulo Geral (MS 70.5).<\/p>\r\n\r\n<p>A Pesquisa consistiu em 10 itens (8 perguntas fechadas e 2 quest\u00f5es abertas) e foi formatada e distribu\u00edda atrav\u00e9s do Survey Monkey aos membros da Congrega\u00e7\u00e3o. 720 membros responderam \u00e0 pesquisa, dando uma taxa de retorno de aproximadamente 32%, o que corresponde \u00e0s taxas m\u00e9dias de retorno das pesquisas. Destes 720, 71,7% se identificaram como membros de um servi\u00e7o pastoral em equipe; 24,8% como indiv\u00edduos que trabalham em um minist\u00e9rio espec\u00edfico dado pela comunidade e recebido dela; e 3,5% como pessoas mais velhas que se unem \u00e0 miss\u00e3o da comunidade atrav\u00e9s do seu minist\u00e9rio de intercess\u00e3o e oferta de seu sofrimento. <\/p>\r\n\r\n<p>A Pesquisa geralmente mostra indicadores favor\u00e1veis sobre a vida comunit\u00e1ria. Os entrevistados acreditam que existe <em>um bom sentido entre os membros de que sua voca\u00e7\u00e3o \u00e9 uma com-voca\u00e7\u00e3o<\/em> atrav\u00e9s da vida comum e da miss\u00e3o compartilhada em comunidade. Existe <em>um n\u00edvel bastante bom de apre\u00e7o, acolhimento e integra\u00e7\u00e3o das diferen\u00e7as pessoais e culturais<\/em> dos indiv\u00edduos dentro das comunidades. Os entrevistados consideram em sua maioria que s\u00e3o <em>bastante bons ou muito bons em apreciar e afirmar<\/em> os outros membros de suas comunidades. <\/p>\r\n\r\n<p>No entanto, a qualidade de <em>dar e receber est\u00edmulos e corre\u00e7\u00f5es fraternas<\/em> dentro dos Organismos Maiores move-se <em>principalmente em termos m\u00e9dios<\/em>, o que indica que h\u00e1 espa\u00e7o para melhorar. O uso do <em>guia e o poder no exerc\u00edcio da autoridade<\/em> dentro dos Organismos Maiores tamb\u00e9m est\u00e1 <em> acima da m\u00e9dia<\/em>, o que indica outra \u00e1rea na qual se pode melhorar a vida. A disparidade entre alguns dos par\u00e2metros levanta a quest\u00e3o: Ser feliz e afirmar-se mutuamente na comunidade \u00e9 baseado no fato de que os membros n\u00e3o est\u00e3o dispostos a oferecer e receber a corre\u00e7\u00e3o fraterna de maneira construtiva? <\/p>\r\n\r\n<p>Dos desafios apresentados e de acordo com a ordem de classifica\u00e7\u00e3o, o crescente <em>individualismo<\/em> foi identificado como o maior desafio sobre qualquer outro desafio. As duas dificuldades identificadas s\u00e3o as dificuldades na vida intercultural e intergeracional<\/em>, bem como <em>a influ\u00eancia das redes sociais que reduzem a qualidade de vida da comunit\u00e1ria<\/em>. Quanto \u00e0 acentua\u00e7\u00e3o (\u00eanfase) que a Congrega\u00e7\u00e3o abra\u00e7ou para si mesma, os participantes acreditam que <em>a comunidade foi chamada e enviada pela Palavra de Deus, a vida em comunh\u00e3o como o primeiro ato da miss\u00e3o e a comunidade configurada pela Miss\u00e3o<\/em> s\u00e3o as mais importantes no mundo vital da Congrega\u00e7\u00e3o. <\/p>\r\n\r\n<p>Os dois \u00faltimos elementos abertos procuraram impulsionar algumas maneiras pr\u00e1ticas pelas quais os membros contribu\u00edram e devem contribuir para a cria\u00e7\u00e3o de comunidades alegres e mission\u00e1rias. Algumas das formas mais valorizadas est\u00e3o relacionadas com o <em>minist\u00e9rio da presen\u00e7a; ora\u00e7\u00e3o compartilhada, liturgia, minist\u00e9rio e recrea\u00e7\u00e3o; respeito, valoriza\u00e7\u00e3o, escuta e apre\u00e7o pelo outro; disponibilidade; di\u00e1logo; e amor e perd\u00e3o<\/em>.<\/p>\r\n\r\n<p><strong>OBSERVA\u00c7\u00c3O: <\/strong>Se voc\u00ea \u00e9 um CMF e deseja ver a an\u00e1lise detalhada dos resultados, consulte seu Secret\u00e1rio Provincial ou da Delega\u00e7\u00e3o. <\/p>\r\n","protected":false},"excerpt":{"rendered":"","protected":false},"author":2,"featured_media":45854,"comment_status":"closed","ping_status":"closed","sticky":false,"template":"","format":"standard","meta":{"_et_pb_use_builder":"off","_et_pb_old_content":"","_et_gb_content_width":"","footnotes":""},"categories":[1099,518,606,2392],"tags":[],"class_list":["post-46134","post","type-post","status-publish","format-standard","has-post-thumbnail","hentry","category-congregacao","category-governo-geral","category-painel-dos-avisos","category-vida-de-comunidad-pt-pt"],"jetpack_featured_media_url":"https:\/\/i0.wp.com\/www.claret.org\/wp-content\/uploads\/2019\/06\/Analysis.jpg?fit=1168%2C635&ssl=1","jetpack_sharing_enabled":true,"jetpack_shortlink":"https:\/\/wp.me\/pdaBmi-c06","jetpack_likes_enabled":true,"_links":{"self":[{"href":"https:\/\/www.claret.org\/pt-pt\/wp-json\/wp\/v2\/posts\/46134","targetHints":{"allow":["GET"]}}],"collection":[{"href":"https:\/\/www.claret.org\/pt-pt\/wp-json\/wp\/v2\/posts"}],"about":[{"href":"https:\/\/www.claret.org\/pt-pt\/wp-json\/wp\/v2\/types\/post"}],"author":[{"embeddable":true,"href":"https:\/\/www.claret.org\/pt-pt\/wp-json\/wp\/v2\/users\/2"}],"replies":[{"embeddable":true,"href":"https:\/\/www.claret.org\/pt-pt\/wp-json\/wp\/v2\/comments?post=46134"}],"version-history":[{"count":0,"href":"https:\/\/www.claret.org\/pt-pt\/wp-json\/wp\/v2\/posts\/46134\/revisions"}],"wp:featuredmedia":[{"embeddable":true,"href":"https:\/\/www.claret.org\/pt-pt\/wp-json\/wp\/v2\/media\/45854"}],"wp:attachment":[{"href":"https:\/\/www.claret.org\/pt-pt\/wp-json\/wp\/v2\/media?parent=46134"}],"wp:term":[{"taxonomy":"category","embeddable":true,"href":"https:\/\/www.claret.org\/pt-pt\/wp-json\/wp\/v2\/categories?post=46134"},{"taxonomy":"post_tag","embeddable":true,"href":"https:\/\/www.claret.org\/pt-pt\/wp-json\/wp\/v2\/tags?post=46134"}],"curies":[{"name":"wp","href":"https:\/\/api.w.org\/{rel}","templated":true}]}}