{"id":46976,"date":"2019-06-25T11:32:42","date_gmt":"2019-06-25T09:32:42","guid":{"rendered":"https:\/\/www.claret.org\/inauguracao-do-campus-do-projeto-vision-eye-care\/"},"modified":"2019-06-25T16:41:17","modified_gmt":"2019-06-25T14:41:17","slug":"inauguracao-do-campus-do-projeto-vision-eye-care","status":"publish","type":"post","link":"https:\/\/www.claret.org\/pt-pt\/inauguracao-do-campus-do-projeto-vision-eye-care\/","title":{"rendered":"Inaugura\u00e7\u00e3o do Campus do Projeto Vision Eye Care"},"content":{"rendered":"<\/p><strong>Bengalore, \u00cdndia.<\/strong> No esp\u00edrito das \u00faltimas resolu\u00e7\u00f5es dos Cap\u00edtulos Gerais e Provinciais para comprometer nossos servi\u00e7os \u00e0queles que sofrem nas periferias, a Prov\u00edncia de Bangalore estabeleceu um programa para ajudar pessoas com defici\u00eancias visuais chamado &#8220;Project Vision Eye Care Campus&#8221;. O Campus foi aben\u00e7oado no dia 23 de junho de 2019 pelo Superior Provincial de Bangalore, Pe. Jacob Arackal, CMF. Da mesma forma, uma cl\u00ednica de atendimento oftalmol\u00f3gico e um programa de assist\u00eancia para o cuidado dos olhos foram lan\u00e7ados no mesmo dia, na presen\u00e7a de v\u00e1rios mission\u00e1rios claretianos. <\/p>\r\n<p><blockquote>&#8220;Eu prometi meus olhos. Quando eu morrer, meus olhos n\u00e3o ir\u00e3o para a terra. Eles v\u00e3o dar vis\u00e3o a duas pessoas cegas&#8221;, disse o vice-respons\u00e1vel do Minist\u00e9rio de Estado de Karnataka, Dr. Parameswar, quando inaugurou o Vision Vision Eye Care Campus em Kasapura, no distrito de Tumkur, junto com uma crian\u00e7a prod\u00edgio com defici\u00eancia visual, a Sra. Fathima Anshi.<\/blockquote><\/p>\r\n<p>O Dr. Parameshwar expressou a esperan\u00e7a de que mais pessoas se apresentem para doar seus olhos com o Project Vision, uma iniciativa dos Mission\u00e1rios Claretianos que trabalham em favor da doa\u00e7\u00e3o e do cuidado dos olhos. O Dr. Parameswar tamb\u00e9m inaugurou a Cl\u00ednica Projetc Vision Eye Care no Campus e foi criada para fornecer servi\u00e7os oftalmol\u00f3gicos para os pobres das \u00e1reas rurais. A ambul\u00e2ncia tamb\u00e9m foi doada ao programa Vis\u00e3o do Projeto. Atrav\u00e9s do Project Vision Ambulance Project, foi planejado o fornecimento de instala\u00e7\u00f5es de atendimento oftalmol\u00f3gico nas aldeias de Korategere, Madugiri e Gauribidanur Taluks em Karnataka. O Vision Eye Campus Project est\u00e1 localizado no Port\u00e3o de Kasapura, Arasapura Panchayath, Korategere Taluk e Tumkur Dt, a 100 km de Bangalore. <\/p>\r\n<p>O vice-comiss\u00e1rio do Distrito de Tumkur, Dr. Rakesh Kumar e o Superintendente de Pol\u00edcia, Sr. Vamshi, tamb\u00e9m participaram do programa. O Presidente de Panchayat, Hanumakka Rangaiah, tamb\u00e9m estava presente. <\/p>\r\n<p>O Project Vision foi iniciado em 2013 pelo Mission\u00e1rio Claretiano, padre e assistente social George Kannanthanam para dar vista aos cegos e ajudar as pessoas cegas a viver uma vida melhor. O movimento de doa\u00e7\u00e3o de olhos liderado pelo Project Vision, desde ent\u00e3o, motivou cerca de 500.000 pessoas a se comprometerem a doar seus olhos. Cerca de 300 pessoas j\u00e1 foram beneficiadas com o transplante de c\u00f3rnea. At\u00e9 agora, houve seis mil cirurgias de catarata para os pobres, o que lhes permite viver uma vida produtiva. A \u00cdndia tem um ter\u00e7o dos 39 milh\u00f5es de cegos do mundo. Apenas 30 mil pessoas, das nove milh\u00f5es de pessoas que morreram no ano passado, doaram seus olhos. O lema do Project Vision \u00e9 &#8220;Que todos vejam&#8221;.<\/p>\r\n<p>Segundo o Pe. George, se todos os crist\u00e3os do pa\u00eds se oferecessem para doar os olhos, a comunidade crist\u00e3 poderia fornecer vis\u00e3o a todos os cegos para que pudessem ver. Com este motivo, o Project Vision est\u00e1 trabalhando com v\u00e1rias Congrega\u00e7\u00f5es, Dioceses e organiza\u00e7\u00f5es crist\u00e3s, como os Vicentinos e a Federa\u00e7\u00e3o de Universidades Cat\u00f3licas, em toda a \u00cdndia. <\/p>\r\n<p>Project Vision conta com o apoio de uma grande base de pessoas leigas de todos os \u00e2mbitos da vida. \u00c9 financiado por varias companhias da \u00cdndia, as ag\u00eancias ONGC e BPCL, e v\u00e1rias ag\u00eancias de financiamento como Proclade e a Confer\u00eancia Episcopal Italiana. A Cl\u00ednica Project Vision Eye conta com o apoio do Ysmen Club. ONGC \u00e9 o patrocinador do programa da Ambul\u00e2ncia. Com o apoio de BPCL, Project Vision planejou estabelecer Bancos de Olhos em lugares que n\u00e3o contam com as instala\u00e7\u00f5es. <\/p>\r\n<p>O terreno para o centro foi doado pelo Sr. Stanislaus D&#8217;Souza, irm\u00e3o do mission\u00e1rio Claretiano, Pe. Peter D&#8217;Souza. <\/p>\r\n<p><\/p>\r\n<div class=\"wp-block-envira-envira-gallery\">[envira-gallery id=&#8217;46949&#8242;]<\/div>\r\n","protected":false},"excerpt":{"rendered":"","protected":false},"author":2,"featured_media":46960,"comment_status":"closed","ping_status":"closed","sticky":false,"template":"","format":"standard","meta":{"_et_pb_use_builder":"off","_et_pb_old_content":"","_et_gb_content_width":"","footnotes":""},"categories":[222,430],"tags":[],"class_list":["post-46976","post","type-post","status-publish","format-standard","has-post-thumbnail","hentry","category-bangalore-pt-pt","category-pastoral-da-saude"],"jetpack_featured_media_url":"https:\/\/i0.wp.com\/www.claret.org\/wp-content\/uploads\/2019\/06\/BA-20190623-Eye-Care-Campus-Inauguration-1.jpg?fit=4288%2C2848&ssl=1","jetpack_sharing_enabled":true,"jetpack_shortlink":"https:\/\/wp.me\/pdaBmi-cdG","jetpack_likes_enabled":true,"_links":{"self":[{"href":"https:\/\/www.claret.org\/pt-pt\/wp-json\/wp\/v2\/posts\/46976","targetHints":{"allow":["GET"]}}],"collection":[{"href":"https:\/\/www.claret.org\/pt-pt\/wp-json\/wp\/v2\/posts"}],"about":[{"href":"https:\/\/www.claret.org\/pt-pt\/wp-json\/wp\/v2\/types\/post"}],"author":[{"embeddable":true,"href":"https:\/\/www.claret.org\/pt-pt\/wp-json\/wp\/v2\/users\/2"}],"replies":[{"embeddable":true,"href":"https:\/\/www.claret.org\/pt-pt\/wp-json\/wp\/v2\/comments?post=46976"}],"version-history":[{"count":0,"href":"https:\/\/www.claret.org\/pt-pt\/wp-json\/wp\/v2\/posts\/46976\/revisions"}],"wp:featuredmedia":[{"embeddable":true,"href":"https:\/\/www.claret.org\/pt-pt\/wp-json\/wp\/v2\/media\/46960"}],"wp:attachment":[{"href":"https:\/\/www.claret.org\/pt-pt\/wp-json\/wp\/v2\/media?parent=46976"}],"wp:term":[{"taxonomy":"category","embeddable":true,"href":"https:\/\/www.claret.org\/pt-pt\/wp-json\/wp\/v2\/categories?post=46976"},{"taxonomy":"post_tag","embeddable":true,"href":"https:\/\/www.claret.org\/pt-pt\/wp-json\/wp\/v2\/tags?post=46976"}],"curies":[{"name":"wp","href":"https:\/\/api.w.org\/{rel}","templated":true}]}}