{"id":47357,"date":"2019-06-29T10:16:41","date_gmt":"2019-06-29T08:16:41","guid":{"rendered":"https:\/\/www.claret.org\/programa-do-decenio-2019-da-delegacao-independente-indonesia-timor-leste\/"},"modified":"2019-07-01T21:17:44","modified_gmt":"2019-07-01T19:17:44","slug":"programa-do-decenio-2019-da-delegacao-independente-indonesia-timor-leste","status":"publish","type":"post","link":"https:\/\/www.claret.org\/pt-pt\/programa-do-decenio-2019-da-delegacao-independente-indonesia-timor-leste\/","title":{"rendered":"Programa do Dec\u00eanio 2019 da Delega\u00e7\u00e3o Independente Indon\u00e9sia-Timor-Leste"},"content":{"rendered":"<\/p><strong>Kupang, Indon\u00e9sia.<\/strong> O Programa do Dec\u00eanio da Delega\u00e7\u00e3o Independente da Indon\u00e9sia-Timor-Leste foi realizado em v\u00e1rias datas agendadas e em tr\u00eas locais separados: 5-14 de maio de 2019 para a Regi\u00e3o de Timor-Leste; 1 a 10 de junho de 2019 para a regi\u00e3o ocidental da Indon\u00e9sia; e de 26 de junho a 5 de julho de 2019 para a regi\u00e3o da Indon\u00e9sia Oriental. Quarenta e quatro jovens mission\u00e1rios, em seus primeiros dez anos de sacerd\u00f3cio ou profiss\u00e3o perp\u00e9tua para os Irm\u00e3os, e das regi\u00f5es mencionadas, participaram dessa renova\u00e7\u00e3o espiritual-acad\u00eamica. Refletindo sobre o tema geral, &#8220;<em>Em dire\u00e7\u00e3o a mission\u00e1rios transformadores<\/em>&#8220;, o programa tentou fazer com que todos os participantes se aprofundassem em uma profunda experi\u00eancia de transforma\u00e7\u00e3o por dez dias. <\/p>\r\n\r\n<p>O Pe. Nikolaus Ilan, CMF (Prefeito de Forma\u00e7\u00e3o da Delega\u00e7\u00e3o) e o Pe. Emanuel L. Talok (Prefeito de Espiritualidade da Delega\u00e7\u00e3o) organizaram o programa em um ambiente espiritual e acad\u00eamico. A alguns participantes de cada grupo tamb\u00e9m se pediu que preparassem suas pr\u00f3prias contribui\u00e7\u00f5es, al\u00e9m dos principais palestrantes, Pe. Jovito do Rego de Jesus para Timor-Leste e regi\u00f5es ocidentais da Indon\u00e9sia e Pe. Oktovianus Naif para a regi\u00e3o da Indon\u00e9sia Oriental. Todos os participantes se mostraram agradecidos pelo processo de transforma\u00e7\u00e3o cont\u00ednua e retornaram aos seus campos mission\u00e1rios, levando consigo grandes sonhos e um projeto de auto-renova\u00e7\u00e3o. <\/p>\r\n<p><\/p>\r\n<div class=\"wp-block-envira-envira-gallery\">[envira-gallery id=&#8217;47147&#8242;]<\/div>\r\n","protected":false},"excerpt":{"rendered":"","protected":false},"author":2,"featured_media":47178,"comment_status":"closed","ping_status":"closed","sticky":false,"template":"","format":"standard","meta":{"_et_pb_use_builder":"off","_et_pb_old_content":"","_et_gb_content_width":"","footnotes":""},"categories":[205,624],"tags":[],"class_list":["post-47357","post","type-post","status-publish","format-standard","has-post-thumbnail","hentry","category-ave-maria-pt","category-formacao-permanente"],"jetpack_featured_media_url":"https:\/\/i0.wp.com\/www.claret.org\/wp-content\/uploads\/2019\/06\/IL-20190627-Dicennium-Program.jpeg?fit=953%2C634&ssl=1","jetpack_sharing_enabled":true,"jetpack_shortlink":"https:\/\/wp.me\/pdaBmi-cjP","jetpack_likes_enabled":true,"_links":{"self":[{"href":"https:\/\/www.claret.org\/pt-pt\/wp-json\/wp\/v2\/posts\/47357","targetHints":{"allow":["GET"]}}],"collection":[{"href":"https:\/\/www.claret.org\/pt-pt\/wp-json\/wp\/v2\/posts"}],"about":[{"href":"https:\/\/www.claret.org\/pt-pt\/wp-json\/wp\/v2\/types\/post"}],"author":[{"embeddable":true,"href":"https:\/\/www.claret.org\/pt-pt\/wp-json\/wp\/v2\/users\/2"}],"replies":[{"embeddable":true,"href":"https:\/\/www.claret.org\/pt-pt\/wp-json\/wp\/v2\/comments?post=47357"}],"version-history":[{"count":0,"href":"https:\/\/www.claret.org\/pt-pt\/wp-json\/wp\/v2\/posts\/47357\/revisions"}],"wp:featuredmedia":[{"embeddable":true,"href":"https:\/\/www.claret.org\/pt-pt\/wp-json\/wp\/v2\/media\/47178"}],"wp:attachment":[{"href":"https:\/\/www.claret.org\/pt-pt\/wp-json\/wp\/v2\/media?parent=47357"}],"wp:term":[{"taxonomy":"category","embeddable":true,"href":"https:\/\/www.claret.org\/pt-pt\/wp-json\/wp\/v2\/categories?post=47357"},{"taxonomy":"post_tag","embeddable":true,"href":"https:\/\/www.claret.org\/pt-pt\/wp-json\/wp\/v2\/tags?post=47357"}],"curies":[{"name":"wp","href":"https:\/\/api.w.org\/{rel}","templated":true}]}}