{"id":47718,"date":"2019-07-03T18:06:22","date_gmt":"2019-07-03T16:06:22","guid":{"rendered":"https:\/\/www.claret.org\/pe-santiago-nieves-conde-cmf\/"},"modified":"2019-07-04T14:07:27","modified_gmt":"2019-07-04T12:07:27","slug":"pe-santiago-nieves-conde-cmf","status":"publish","type":"post","link":"https:\/\/www.claret.org\/pt-pt\/pe-santiago-nieves-conde-cmf\/","title":{"rendered":"Pe. SANTIAGO NIEVES CONDE, CMF"},"content":{"rendered":"<p> Faleceu no dia 3 de julho de 2019 em Barquisimeto, Venezuela. <\/ p>\r\n<p> Tinha 97 anos. <\/ p>\r\n<p> Pertencia \u00e0 Prov\u00edncia Col\u00f4mbia-Venezuela. <\/ p>\r\n<p> Descanse na paz do Senhor. <\/ p>\r\n","protected":false},"excerpt":{"rendered":"","protected":false},"author":3,"featured_media":47633,"comment_status":"closed","ping_status":"closed","sticky":false,"template":"","format":"standard","meta":{"_et_pb_use_builder":"off","_et_pb_old_content":"","_et_gb_content_width":"","footnotes":""},"categories":[562],"tags":[],"class_list":["post-47718","post","type-post","status-publish","format-standard","has-post-thumbnail","hentry","category-falecido"],"jetpack_featured_media_url":"https:\/\/i0.wp.com\/www.claret.org\/wp-content\/uploads\/2019\/07\/SANTIAGO-NIEVES.-BARQUISIMETO..jpg?fit=2250%2C2736&ssl=1","jetpack_sharing_enabled":true,"jetpack_shortlink":"https:\/\/wp.me\/pdaBmi-cpE","jetpack_likes_enabled":true,"_links":{"self":[{"href":"https:\/\/www.claret.org\/pt-pt\/wp-json\/wp\/v2\/posts\/47718","targetHints":{"allow":["GET"]}}],"collection":[{"href":"https:\/\/www.claret.org\/pt-pt\/wp-json\/wp\/v2\/posts"}],"about":[{"href":"https:\/\/www.claret.org\/pt-pt\/wp-json\/wp\/v2\/types\/post"}],"author":[{"embeddable":true,"href":"https:\/\/www.claret.org\/pt-pt\/wp-json\/wp\/v2\/users\/3"}],"replies":[{"embeddable":true,"href":"https:\/\/www.claret.org\/pt-pt\/wp-json\/wp\/v2\/comments?post=47718"}],"version-history":[{"count":0,"href":"https:\/\/www.claret.org\/pt-pt\/wp-json\/wp\/v2\/posts\/47718\/revisions"}],"wp:featuredmedia":[{"embeddable":true,"href":"https:\/\/www.claret.org\/pt-pt\/wp-json\/wp\/v2\/media\/47633"}],"wp:attachment":[{"href":"https:\/\/www.claret.org\/pt-pt\/wp-json\/wp\/v2\/media?parent=47718"}],"wp:term":[{"taxonomy":"category","embeddable":true,"href":"https:\/\/www.claret.org\/pt-pt\/wp-json\/wp\/v2\/categories?post=47718"},{"taxonomy":"post_tag","embeddable":true,"href":"https:\/\/www.claret.org\/pt-pt\/wp-json\/wp\/v2\/tags?post=47718"}],"curies":[{"name":"wp","href":"https:\/\/api.w.org\/{rel}","templated":true}]}}