{"id":48146,"date":"2019-07-10T09:08:30","date_gmt":"2019-07-10T07:08:30","guid":{"rendered":"https:\/\/www.claret.org\/assembleia-da-delegacao-padre-xifre\/"},"modified":"2019-07-10T13:57:44","modified_gmt":"2019-07-10T11:57:44","slug":"assembleia-da-delegacao-padre-xifre","status":"publish","type":"post","link":"https:\/\/www.claret.org\/pt-pt\/assembleia-da-delegacao-padre-xifre\/","title":{"rendered":"Assembleia da Delega\u00e7\u00e3o Padre Xifr\u00e9"},"content":{"rendered":"<p><strong>Mongomo, Guin\u00e9 Equatorial.<\/strong> A Delega\u00e7\u00e3o Padre Xifr\u00e9 teve sua primeira Assembleia, de 2 a 5 de julho de 2019, na sede episcopal da Diocese de Mongomo, onde Dom Juan Domingo Bek\u00e1 Esono Ayang, CMF, \u00e9 Bispo. A Assembleia foi presidida pelo Padre Geral, Mathew Vattamattam, CMF, em sua primeira visita oficial \u00e0 nova Delega\u00e7\u00e3o, que completar\u00e1 um ano no pr\u00f3ximo dia 16 de julho.<\/p>\r\n\r\n<p> Os Mission\u00e1rios Claretianos que trabalham nos dois pa\u00edses que comp\u00f5em a delega\u00e7\u00e3o: Gab\u00e3o e Guin\u00e9 Equatorial (53 mission\u00e1rios de 10 pa\u00edses que vivem em 13 comunidades interculturais) se reuniram pela primeira vez na Bas\u00edlica da Imaculada de Mongomo, para conhecer-se uns aos outros, pensar juntos sobre as urg\u00eancias mission\u00e1rias que est\u00e3o sendo levantadas na realidade da sociedade e da Igreja de cada pa\u00eds de miss\u00e3o. O tema da reflex\u00e3o foi a revis\u00e3o dos tr\u00eas processos de transforma\u00e7\u00e3o que nosso \u00faltimo Cap\u00edtulo Geral apontou: a vida mission\u00e1ria; comunidade, economia, governo e comunica\u00e7\u00e3o; forma\u00e7\u00e3o e espiritualidade.<\/p>\r\n\r\n<p> Em comunh\u00e3o com toda a Igreja, s\u00e3o convidados a sonhar juntos a miss\u00e3o da Igreja hoje: o que os novos sinais dos tempos lhes pedem? Para responder a esta quest\u00e3o, eles devem inserir-se na vida de cada igreja local, onde evangelizam a partir da identidade dos tra\u00e7os carism\u00e1ticos da Congrega\u00e7\u00e3o.<\/p>\r\n\r\n<p> Durante a Assembleia foi poss\u00edvel confirmar o potencial do jovem Organismo, composto principalmente por jovens. O Padre Geral convidou os membros da Delega\u00e7\u00e3o a viver a sinodalidade que responde ao desejo de trabalhar em uma miss\u00e3o compartilhada.<\/p>\r\n\r\n<p> <\/p>\r\n<div class=\"wp-block-envira-envira-gallery\">[envira-gallery id=&#8217;47918&#8242;]<\/div>\r\n","protected":false},"excerpt":{"rendered":"","protected":false},"author":2,"featured_media":47924,"comment_status":"closed","ping_status":"closed","sticky":false,"template":"","format":"standard","meta":{"_et_pb_use_builder":"off","_et_pb_old_content":"","_et_gb_content_width":"","footnotes":""},"categories":[170],"tags":[],"class_list":["post-48146","post","type-post","status-publish","format-standard","has-post-thumbnail","hentry","category-padre-xifre-pt-pt"],"jetpack_featured_media_url":"https:\/\/i0.wp.com\/www.claret.org\/wp-content\/uploads\/2019\/07\/PX-20190705-Primer-Asamblea-1.jpeg?fit=1008%2C490&ssl=1","jetpack_sharing_enabled":true,"jetpack_shortlink":"https:\/\/wp.me\/pdaBmi-cwy","jetpack_likes_enabled":true,"_links":{"self":[{"href":"https:\/\/www.claret.org\/pt-pt\/wp-json\/wp\/v2\/posts\/48146","targetHints":{"allow":["GET"]}}],"collection":[{"href":"https:\/\/www.claret.org\/pt-pt\/wp-json\/wp\/v2\/posts"}],"about":[{"href":"https:\/\/www.claret.org\/pt-pt\/wp-json\/wp\/v2\/types\/post"}],"author":[{"embeddable":true,"href":"https:\/\/www.claret.org\/pt-pt\/wp-json\/wp\/v2\/users\/2"}],"replies":[{"embeddable":true,"href":"https:\/\/www.claret.org\/pt-pt\/wp-json\/wp\/v2\/comments?post=48146"}],"version-history":[{"count":0,"href":"https:\/\/www.claret.org\/pt-pt\/wp-json\/wp\/v2\/posts\/48146\/revisions"}],"wp:featuredmedia":[{"embeddable":true,"href":"https:\/\/www.claret.org\/pt-pt\/wp-json\/wp\/v2\/media\/47924"}],"wp:attachment":[{"href":"https:\/\/www.claret.org\/pt-pt\/wp-json\/wp\/v2\/media?parent=48146"}],"wp:term":[{"taxonomy":"category","embeddable":true,"href":"https:\/\/www.claret.org\/pt-pt\/wp-json\/wp\/v2\/categories?post=48146"},{"taxonomy":"post_tag","embeddable":true,"href":"https:\/\/www.claret.org\/pt-pt\/wp-json\/wp\/v2\/tags?post=48146"}],"curies":[{"name":"wp","href":"https:\/\/api.w.org\/{rel}","templated":true}]}}