{"id":48845,"date":"2017-11-07T10:42:00","date_gmt":"2017-11-07T09:42:00","guid":{"rendered":"https:\/\/www.claret.org\/encerramento-oficial-do-ano-xifre-em-vic\/"},"modified":"2019-07-15T17:26:59","modified_gmt":"2019-07-15T15:26:59","slug":"encerramento-oficial-do-ano-xifre-em-vic","status":"publish","type":"post","link":"https:\/\/www.claret.org\/pt-pt\/encerramento-oficial-do-ano-xifre-em-vic\/","title":{"rendered":"Encerramento oficial do \u201cAno Xifr\u00e9\u201d em Vic"},"content":{"rendered":"\n<p><strong>Vic, Espanha. <\/strong>No s\u00e1bado, dia 4 de novembro, no dia seguinte ao do anivers\u00e1rio da morte do Revmo. Padre Jos\u00e9 Xifr\u00e9 Mussach, terceiro Superior Geral da Congrega\u00e7\u00e3o, os membros da Prov\u00edncia da Catalunha se reuniram em Vic para celebrar o encerramento oficial do &#8220;Ano Xifr\u00e9&#8221;. Nos dias 17 e 18 de fevereiro tinha sido aberto este tempo especial ao redor da figura do Padre Jos\u00e9 Xifr\u00e9, por ocasi\u00e3o da celebra\u00e7\u00e3o do bicenten\u00e1rio do seu nascimento. Se reunieron en una sala del Casal Claret, donde el P. Ricard Costa-Juss\u00e0, cmf, Superior Provincial de Catalu\u00f1a, les dio la bienvenida, les transmiti\u00f3 los saludos del P. Mathew Vattamattam, cmf, Superior General, y ley\u00f3 una carta del P. Gonzalo Fern\u00e1ndez, cmf, Vicario General, Prefecto General de Espiritualidad y Presidente de la Comisi\u00f3n Organizadora del \u201cA\u00f1o Xifr\u00e9\u201d. A continuaci\u00f3n, el Hno. Josep Codina, Prefecto de Apostolado de la Provincia de Catalu\u00f1a y Coordinador de la Comisi\u00f3n Organizadora del \u201cA\u00f1o Xifr\u00e9\u201d, ley\u00f3 un texto preparado por el CESC como memoria y balance de dicho A\u00f1o, en el que se pusieron de relieve, sobre todo, las actividades que en torno a este acontecimiento se han tenido en la Congregaci\u00f3n. Luego, el P. Carlos S\u00e1nchez, cmf, Director del CESC, hizo una presentaci\u00f3n detallada del contenido de la secci\u00f3n de la p\u00e1gina web del CESC dedicada al \u201cA\u00f1o Xifr\u00e9\u201d. A continuaci\u00f3n, celebraron la Eucarist\u00eda en la Cripta del Templo sepulcro del P. Claret, en la que dieron gracias al Se\u00f1or por dos dones especiales: el \u201cA\u00f1o Xifr\u00e9\u201d y la reciente beatificaci\u00f3n de los 109 M\u00e1rtires Claretianos en la bas\u00edlica de la Sagrada Familia. La Eucarist\u00eda tuvo un especial significado simb\u00f3lico porque les encontr\u00e1ban en el lugar donde tuvo sus or\u00edgenes nuestra Congregaci\u00f3n y porque junto al sepulcro del P. Claret se encuentran los restos de los PP. Jos\u00e9 Xifr\u00e9 y Esteban Sala y de algunos de los m\u00e1rtires beatificados. Ante el altar se puso el icono original que presidi\u00f3 la beatificaci\u00f3n del pasado 21 de octubre en Barcelona, y sobre el altar estuvo el cofre que contiene las reliquias de varios de nuestros m\u00e1rtires, que fue presentado en el momento de la beatificaci\u00f3n. Despu\u00e9s, pasaron a la Casa de Espiritualidad P. Claret para compartir un almuerzo fraternal. Ponemos a disposici\u00f3n de todos, el texto de <strong><a href=\"https:\/\/drive.google.com\/file\/d\/1fmJfTPE3OCgKuRE4bztaaU2q6kumNEI2\/view?usp=sharing\" target=\"_blank\" rel=\"noopener noreferrer nofollow\">memoria y balance<\/a> <\/strong>del \u201cA\u00f1o Xifr\u00e9\u201d.  <\/p>\n<p> <\/p>\n\n\n\n<div class=\"wp-block-envira-envira-gallery\">[envira-gallery id=&#8217;48812&#8242;]<\/div>\n","protected":false},"excerpt":{"rendered":"","protected":false},"author":1,"featured_media":48803,"comment_status":"closed","ping_status":"closed","sticky":false,"template":"","format":"standard","meta":{"_et_pb_use_builder":"off","_et_pb_old_content":"","_et_gb_content_width":"","footnotes":""},"categories":[542,399,1099,569],"tags":[],"class_list":["post-48845","post","type-post","status-publish","format-standard","has-post-thumbnail","hentry","category-aniversarios-pt-pt","category-cesc-pt-pt","category-congregacao","category-fundadores-pt-pt"],"jetpack_featured_media_url":"https:\/\/i0.wp.com\/www.claret.org\/wp-content\/uploads\/2019\/07\/sam3206.jpg?fit=1200%2C800&ssl=1","jetpack_sharing_enabled":true,"jetpack_shortlink":"https:\/\/wp.me\/pdaBmi-cHP","jetpack_likes_enabled":true,"_links":{"self":[{"href":"https:\/\/www.claret.org\/pt-pt\/wp-json\/wp\/v2\/posts\/48845","targetHints":{"allow":["GET"]}}],"collection":[{"href":"https:\/\/www.claret.org\/pt-pt\/wp-json\/wp\/v2\/posts"}],"about":[{"href":"https:\/\/www.claret.org\/pt-pt\/wp-json\/wp\/v2\/types\/post"}],"author":[{"embeddable":true,"href":"https:\/\/www.claret.org\/pt-pt\/wp-json\/wp\/v2\/users\/1"}],"replies":[{"embeddable":true,"href":"https:\/\/www.claret.org\/pt-pt\/wp-json\/wp\/v2\/comments?post=48845"}],"version-history":[{"count":0,"href":"https:\/\/www.claret.org\/pt-pt\/wp-json\/wp\/v2\/posts\/48845\/revisions"}],"wp:featuredmedia":[{"embeddable":true,"href":"https:\/\/www.claret.org\/pt-pt\/wp-json\/wp\/v2\/media\/48803"}],"wp:attachment":[{"href":"https:\/\/www.claret.org\/pt-pt\/wp-json\/wp\/v2\/media?parent=48845"}],"wp:term":[{"taxonomy":"category","embeddable":true,"href":"https:\/\/www.claret.org\/pt-pt\/wp-json\/wp\/v2\/categories?post=48845"},{"taxonomy":"post_tag","embeddable":true,"href":"https:\/\/www.claret.org\/pt-pt\/wp-json\/wp\/v2\/tags?post=48845"}],"curies":[{"name":"wp","href":"https:\/\/api.w.org\/{rel}","templated":true}]}}