{"id":52806,"date":"2019-07-17T15:22:07","date_gmt":"2019-07-17T13:22:07","guid":{"rendered":"https:\/\/www.claret.org\/encontro-das-comunidades-claretianas-do-sul-da-europa-em-lecco\/"},"modified":"2019-07-17T15:22:07","modified_gmt":"2019-07-17T13:22:07","slug":"encontro-das-comunidades-claretianas-do-sul-da-europa-em-lecco","status":"publish","type":"post","link":"https:\/\/www.claret.org\/pt-pt\/encontro-das-comunidades-claretianas-do-sul-da-europa-em-lecco\/","title":{"rendered":"Encontro das comunidades claretianas do sul da Europa em Lecco"},"content":{"rendered":"<p><strong>Lecco, It\u00e1lia.<\/strong> De 9 a 12 de julho de 2019, realizou-se na Casa sul Pozzo (Lecco, Corso Bergamo, 69) o sexto encontro \/ di\u00e1logo entre as comunidades mission\u00e1rias claretianas da regi\u00e3o europeia, que compartilham vida e miss\u00e3o com os leigos, acolhendo e trabalhando com pessoas \u00e0 margem da sociedade, com jovens e mulheres. A principal caracter\u00edstica destas experi\u00eancias \u00e9 participar na vida di\u00e1ria das pessoas, contribuir para a mudan\u00e7a em seus contextos de vida, buscando uma posi\u00e7\u00e3o cr\u00edtica e construtiva, imaginando e experimentando alternativas vi\u00e1veis. <\/p>\n<p>O t\u00edtulo do encontro, &#8220;Peregrinos na Europa&#8221;, indica tanto o m\u00e9todo de trabalho usado na reuni\u00e3o como a perspectiva que deve caracterizar a futura colabora\u00e7\u00e3o entre as comunidades claretianas: tomar a iniciativa de sair (mesmo sem esperar ser convidado). <\/p>\n<p>No m\u00eas de julho, em Lecco, concluiu-se um caminho que come\u00e7ou em 2014, e que mais tarde se desenvolveu em eventos anuais em Marselha (Fran\u00e7a), Carvalhos \/ Porto (Portugal), Bilbao (Espanha), Vic (Espanha). Em particular, o objetivo da reuni\u00e3o foi tentar imaginar o futuro a curto e m\u00e9dio prazo, e encontrar um terreno comum para uma colabora\u00e7\u00e3o mais estruturada, cont\u00ednua e incisiva, dada a gravidade dos problemas que atravessam o sul da Europa, que esteve representada por um irm\u00e3o de M\u00e1laga. <\/p><\/p>\n","protected":false},"excerpt":{"rendered":"<p>Lecco, It\u00e1lia. De 9 a 12 de julho de 2019, realizou-se na Casa sul Pozzo (Lecco, Corso Bergamo, 69) o sexto encontro \/ di\u00e1logo entre as comunidades mission\u00e1rias claretianas da regi\u00e3o europeia, que compartilham vida e miss\u00e3o com os leigos, acolhendo e trabalhando com pessoas \u00e0 margem da sociedade, com jovens e mulheres. A principal [&hellip;]<\/p>\n","protected":false},"author":2,"featured_media":52146,"comment_status":"closed","ping_status":"closed","sticky":false,"template":"","format":"standard","meta":{"_et_pb_use_builder":"","_et_pb_old_content":"","_et_gb_content_width":"","footnotes":""},"categories":[529,442,2392],"tags":[],"class_list":["post-52806","post","type-post","status-publish","format-standard","has-post-thumbnail","hentry","category-familia-claretiana-pt-pt","category-solidariedade-e-missao","category-vida-de-comunidad-pt-pt"],"jetpack_featured_media_url":"https:\/\/i0.wp.com\/www.claret.org\/wp-content\/uploads\/2019\/07\/ECLA-20190712-Pellegrini-in-Europa.jpg?fit=4000%2C3000&ssl=1","jetpack_sharing_enabled":true,"jetpack_shortlink":"https:\/\/wp.me\/pdaBmi-dJI","jetpack_likes_enabled":true,"_links":{"self":[{"href":"https:\/\/www.claret.org\/pt-pt\/wp-json\/wp\/v2\/posts\/52806","targetHints":{"allow":["GET"]}}],"collection":[{"href":"https:\/\/www.claret.org\/pt-pt\/wp-json\/wp\/v2\/posts"}],"about":[{"href":"https:\/\/www.claret.org\/pt-pt\/wp-json\/wp\/v2\/types\/post"}],"author":[{"embeddable":true,"href":"https:\/\/www.claret.org\/pt-pt\/wp-json\/wp\/v2\/users\/2"}],"replies":[{"embeddable":true,"href":"https:\/\/www.claret.org\/pt-pt\/wp-json\/wp\/v2\/comments?post=52806"}],"version-history":[{"count":0,"href":"https:\/\/www.claret.org\/pt-pt\/wp-json\/wp\/v2\/posts\/52806\/revisions"}],"wp:featuredmedia":[{"embeddable":true,"href":"https:\/\/www.claret.org\/pt-pt\/wp-json\/wp\/v2\/media\/52146"}],"wp:attachment":[{"href":"https:\/\/www.claret.org\/pt-pt\/wp-json\/wp\/v2\/media?parent=52806"}],"wp:term":[{"taxonomy":"category","embeddable":true,"href":"https:\/\/www.claret.org\/pt-pt\/wp-json\/wp\/v2\/categories?post=52806"},{"taxonomy":"post_tag","embeddable":true,"href":"https:\/\/www.claret.org\/pt-pt\/wp-json\/wp\/v2\/tags?post=52806"}],"curies":[{"name":"wp","href":"https:\/\/api.w.org\/{rel}","templated":true}]}}