{"id":54108,"date":"2012-02-16T10:07:36","date_gmt":"2012-02-16T09:07:36","guid":{"rendered":"https:\/\/www.claret.org\/jejum-das-maos-unidas-na-paroquia-del-pilar\/"},"modified":"2012-02-16T10:07:36","modified_gmt":"2012-02-16T09:07:36","slug":"jejum-das-maos-unidas-na-paroquia-del-pilar","status":"publish","type":"post","link":"https:\/\/www.claret.org\/pt-pt\/jejum-das-maos-unidas-na-paroquia-del-pilar\/","title":{"rendered":"Jejum das &#8220;M\u00e3os Unidas&#8221; na Par\u00f3quia del Pilar"},"content":{"rendered":"<p><strong>Santa Cruz de Tenerife, Espanha<\/strong>. Desde 1970 que a Confedera\u00e7\u00e3o Episcopal Espanhola (CEE) deliberou que se fizesse um pedit\u00f3rio especial contra a fome, a coincidir com o segundo domingo de fevereiro.<\/p>\n<div>Com a mesma finalidade, tamb\u00e9m deliberaram que a sexta-feira anterior a tal domingo, se celebrasse o dia do jejum volunt\u00e1rio.Na sexta-feira, 10 de fevereiro, a ONG \u201cM\u00e3os Unidas\u201d na diocese, realizou este jejum e organizou a celebra\u00e7\u00e3o eucar\u00edstica na par\u00f3quia de Nossa Senhora do Pilar, em Santa Cruz de Tenerife.<\/p>\n<p>Presidiu \u00e0 eucaristia o p\u00e1roco, Pe. Juan Carlos Monroy, Cmf, superior da comunidade do Pilar, substituindo o bispo Bernardo \u00c1lvares Afonso, ausente por motivos de doen\u00e7a.<\/p>\n<\/div>\n","protected":false},"excerpt":{"rendered":"<p>Santa Cruz de Tenerife, Espanha. Desde 1970 que a Confedera\u00e7\u00e3o Episcopal Espanhola (CEE) deliberou que se fizesse um pedit\u00f3rio especial contra a fome, a coincidir com o segundo domingo de fevereiro. Com a mesma finalidade, tamb\u00e9m deliberaram que a sexta-feira anterior a tal domingo, se celebrasse o dia do jejum volunt\u00e1rio.Na sexta-feira, 10 de fevereiro, [&hellip;]<\/p>\n","protected":false},"author":1,"featured_media":54102,"comment_status":"closed","ping_status":"closed","sticky":false,"template":"","format":"standard","meta":{"_et_pb_use_builder":"","_et_pb_old_content":"","_et_gb_content_width":"","footnotes":""},"categories":[529,1105],"tags":[],"class_list":["post-54108","post","type-post","status-publish","format-standard","has-post-thumbnail","hentry","category-familia-claretiana-pt-pt","category-ministerio-paroquial"],"jetpack_featured_media_url":"https:\/\/i0.wp.com\/www.claret.org\/wp-content\/uploads\/2019\/07\/Tenerife_1.jpg?fit=450%2C300&ssl=1","jetpack_sharing_enabled":true,"jetpack_shortlink":"https:\/\/wp.me\/pdaBmi-e4I","jetpack_likes_enabled":true,"_links":{"self":[{"href":"https:\/\/www.claret.org\/pt-pt\/wp-json\/wp\/v2\/posts\/54108","targetHints":{"allow":["GET"]}}],"collection":[{"href":"https:\/\/www.claret.org\/pt-pt\/wp-json\/wp\/v2\/posts"}],"about":[{"href":"https:\/\/www.claret.org\/pt-pt\/wp-json\/wp\/v2\/types\/post"}],"author":[{"embeddable":true,"href":"https:\/\/www.claret.org\/pt-pt\/wp-json\/wp\/v2\/users\/1"}],"replies":[{"embeddable":true,"href":"https:\/\/www.claret.org\/pt-pt\/wp-json\/wp\/v2\/comments?post=54108"}],"version-history":[{"count":0,"href":"https:\/\/www.claret.org\/pt-pt\/wp-json\/wp\/v2\/posts\/54108\/revisions"}],"wp:featuredmedia":[{"embeddable":true,"href":"https:\/\/www.claret.org\/pt-pt\/wp-json\/wp\/v2\/media\/54102"}],"wp:attachment":[{"href":"https:\/\/www.claret.org\/pt-pt\/wp-json\/wp\/v2\/media?parent=54108"}],"wp:term":[{"taxonomy":"category","embeddable":true,"href":"https:\/\/www.claret.org\/pt-pt\/wp-json\/wp\/v2\/categories?post=54108"},{"taxonomy":"post_tag","embeddable":true,"href":"https:\/\/www.claret.org\/pt-pt\/wp-json\/wp\/v2\/tags?post=54108"}],"curies":[{"name":"wp","href":"https:\/\/api.w.org\/{rel}","templated":true}]}}