{"id":54351,"date":"2012-01-11T12:22:57","date_gmt":"2012-01-11T11:22:57","guid":{"rendered":"https:\/\/www.claret.org\/a-basilica-do-coracao-de-maria-em-roma-completa-60-anos\/"},"modified":"2012-01-11T12:22:57","modified_gmt":"2012-01-11T11:22:57","slug":"a-basilica-do-coracao-de-maria-em-roma-completa-60-anos","status":"publish","type":"post","link":"https:\/\/www.claret.org\/pt-pt\/a-basilica-do-coracao-de-maria-em-roma-completa-60-anos\/","title":{"rendered":"A Bas\u00edlica do Cora\u00e7\u00e3o de Maria em Roma completa 60 anos"},"content":{"rendered":"<p><strong>Roma<\/strong>. No s\u00e1bado, dia 7 de janeiro foi celebrado o primeiro ato comemorativo do 60\u00ba anivers\u00e1rio da dedica\u00e7\u00e3o e inaugura\u00e7\u00e3o da bas\u00edlica do Cora\u00e7\u00e3o de Maria em Roma.<\/p>\n<p>O programa dos festejos come\u00e7ou com uma visita e medita\u00e7\u00e3o diante da \u201cGruta Polic\u00e9nica\u201d, um \u201cPres\u00e9pio\u201d armado num dos sal\u00f5es do s\u00f3t\u00e3o, que nas suas origens serviu de igreja. Esta \u201cgruta\u201d foi constru\u00edda h\u00e1 cerca de quarenta anos, pelo ent\u00e3o Ir. Claretiano Fulgencio Mart\u00ednez, ajudado por uma equipa de estudantes da \u00e9poca e que ganhou v\u00e1rios pr\u00e9mios pela sua originalidade.<\/p>\n<p>Depois, foi oferecido um beberete no \u00e1trio da Igreja e, de imediato, j\u00e1 dentro do templo, ap\u00f3s alguns discursos, foi executado um concerto pela orquestra \u201cL\u2019armonica temperanza\u201d, orientada pelo jovem maestro Lorenzo Porzio, organista oficial da Bas\u00edlica.<\/p>\n<p>Dentre o p\u00fablico assistente, calculado em cerca de quinhentas pessoas, destacavam-se: o cardeal Elio Sgreccis; o presidente da C\u00e2mara de Roma, Gianni Allemano; o Pe. Gonzalo Fern\u00e1ndez, representando o governo geral; o Pe. Franco Incampo, superior maior da It\u00e1lia; o Pe. Vicente Sanz, p\u00e1roco atual e reitor da Bas\u00edlica, bem como diversos claretianos das comunidades da cidade e outros sacerdotes e religiosos.<\/p>\n<p>A Bas\u00edlica do Cora\u00e7\u00e3o de Maria, foi dedicada a 7 de dezembro de 1952, pelo cardeal Clemente Micara, passados 28 anos do lan\u00e7amento da 1\u00aa pedra, em Julho de 1924.<\/p>\n","protected":false},"excerpt":{"rendered":"<p>Roma. No s\u00e1bado, dia 7 de janeiro foi celebrado o primeiro ato comemorativo do 60\u00ba anivers\u00e1rio da dedica\u00e7\u00e3o e inaugura\u00e7\u00e3o da bas\u00edlica do Cora\u00e7\u00e3o de Maria em Roma. O programa dos festejos come\u00e7ou com uma visita e medita\u00e7\u00e3o diante da \u201cGruta Polic\u00e9nica\u201d, um \u201cPres\u00e9pio\u201d armado num dos sal\u00f5es do s\u00f3t\u00e3o, que nas suas origens serviu [&hellip;]<\/p>\n","protected":false},"author":1,"featured_media":54345,"comment_status":"closed","ping_status":"closed","sticky":false,"template":"","format":"standard","meta":{"_et_pb_use_builder":"","_et_pb_old_content":"","_et_gb_content_width":"","footnotes":""},"categories":[592,518,1105],"tags":[],"class_list":["post-54351","post","type-post","status-publish","format-standard","has-post-thumbnail","hentry","category-curia-geral","category-governo-geral","category-ministerio-paroquial"],"jetpack_featured_media_url":"https:\/\/i0.wp.com\/www.claret.org\/wp-content\/uploads\/2019\/07\/Parioli_concerto_w.jpg?fit=450%2C307&ssl=1","jetpack_sharing_enabled":true,"jetpack_shortlink":"https:\/\/wp.me\/pdaBmi-e8D","jetpack_likes_enabled":true,"_links":{"self":[{"href":"https:\/\/www.claret.org\/pt-pt\/wp-json\/wp\/v2\/posts\/54351","targetHints":{"allow":["GET"]}}],"collection":[{"href":"https:\/\/www.claret.org\/pt-pt\/wp-json\/wp\/v2\/posts"}],"about":[{"href":"https:\/\/www.claret.org\/pt-pt\/wp-json\/wp\/v2\/types\/post"}],"author":[{"embeddable":true,"href":"https:\/\/www.claret.org\/pt-pt\/wp-json\/wp\/v2\/users\/1"}],"replies":[{"embeddable":true,"href":"https:\/\/www.claret.org\/pt-pt\/wp-json\/wp\/v2\/comments?post=54351"}],"version-history":[{"count":0,"href":"https:\/\/www.claret.org\/pt-pt\/wp-json\/wp\/v2\/posts\/54351\/revisions"}],"wp:featuredmedia":[{"embeddable":true,"href":"https:\/\/www.claret.org\/pt-pt\/wp-json\/wp\/v2\/media\/54345"}],"wp:attachment":[{"href":"https:\/\/www.claret.org\/pt-pt\/wp-json\/wp\/v2\/media?parent=54351"}],"wp:term":[{"taxonomy":"category","embeddable":true,"href":"https:\/\/www.claret.org\/pt-pt\/wp-json\/wp\/v2\/categories?post=54351"},{"taxonomy":"post_tag","embeddable":true,"href":"https:\/\/www.claret.org\/pt-pt\/wp-json\/wp\/v2\/tags?post=54351"}],"curies":[{"name":"wp","href":"https:\/\/api.w.org\/{rel}","templated":true}]}}