{"id":54548,"date":"2011-12-20T16:07:47","date_gmt":"2011-12-20T15:07:47","guid":{"rendered":"https:\/\/www.claret.org\/primeiro-curso-online-para-formadores-de-lingua-inglesa\/"},"modified":"2011-12-20T16:07:47","modified_gmt":"2011-12-20T15:07:47","slug":"primeiro-curso-online-para-formadores-de-lingua-inglesa","status":"publish","type":"post","link":"https:\/\/www.claret.org\/pt-pt\/primeiro-curso-online-para-formadores-de-lingua-inglesa\/","title":{"rendered":"Primeiro curso online para formadores de l\u00edngua inglesa"},"content":{"rendered":"<p><strong>Roma.<\/strong> Em v\u00e1rios encontros organizados pela prefeitura de forma\u00e7\u00e3o, chamou-se a aten\u00e7\u00e3o para a necessidade de apoio aos formadores da congrega\u00e7\u00e3o, para que possam acompanhar melhor o crescimento integral dos formandos.<\/p>\n<p>Por isso, a prefeitura geral de forma\u00e7\u00e3o est\u00e1 a preparar um curso \u201con line\u201d que ir\u00e1 servir para completar os cursos \u201cpresenciais\u201d que, j\u00e1 desde h\u00e1 muitos anos, se t\u00eam vindo a realizar em Vic.<\/p>\n<p>Este programa piloto vai come\u00e7ar a funcionar para os formadores de l\u00edngua inglesa e, de acordo com as solicita\u00e7\u00f5es, o seu in\u00edcio est\u00e1 previsto para o m\u00eas de janeiro de 2012.<\/p>\n<p>Os tutores ser\u00e3o os padres Paul Smyth Cmf e Mathew Vatttamattan Cmf. A informa\u00e7\u00e3o oportuna chegar\u00e1 atrav\u00e9s dos coordenadores das delega\u00e7\u00f5es e prov\u00edncias.<\/p>\n","protected":false},"excerpt":{"rendered":"<p>Roma. Em v\u00e1rios encontros organizados pela prefeitura de forma\u00e7\u00e3o, chamou-se a aten\u00e7\u00e3o para a necessidade de apoio aos formadores da congrega\u00e7\u00e3o, para que possam acompanhar melhor o crescimento integral dos formandos. Por isso, a prefeitura geral de forma\u00e7\u00e3o est\u00e1 a preparar um curso \u201con line\u201d que ir\u00e1 servir para completar os cursos \u201cpresenciais\u201d que, j\u00e1 [&hellip;]<\/p>\n","protected":false},"author":1,"featured_media":54542,"comment_status":"closed","ping_status":"closed","sticky":false,"template":"","format":"standard","meta":{"_et_pb_use_builder":"","_et_pb_old_content":"","_et_gb_content_width":"","footnotes":""},"categories":[424,433],"tags":[],"class_list":["post-54548","post","type-post","status-publish","format-standard","has-post-thumbnail","hentry","category-pastoral-educativa-pt-pt","category-tics-pt-pt"],"jetpack_featured_media_url":"https:\/\/i0.wp.com\/www.claret.org\/wp-content\/uploads\/2019\/07\/online.jpg?fit=450%2C335&ssl=1","jetpack_sharing_enabled":true,"jetpack_shortlink":"https:\/\/wp.me\/pdaBmi-ebO","jetpack_likes_enabled":true,"_links":{"self":[{"href":"https:\/\/www.claret.org\/pt-pt\/wp-json\/wp\/v2\/posts\/54548","targetHints":{"allow":["GET"]}}],"collection":[{"href":"https:\/\/www.claret.org\/pt-pt\/wp-json\/wp\/v2\/posts"}],"about":[{"href":"https:\/\/www.claret.org\/pt-pt\/wp-json\/wp\/v2\/types\/post"}],"author":[{"embeddable":true,"href":"https:\/\/www.claret.org\/pt-pt\/wp-json\/wp\/v2\/users\/1"}],"replies":[{"embeddable":true,"href":"https:\/\/www.claret.org\/pt-pt\/wp-json\/wp\/v2\/comments?post=54548"}],"version-history":[{"count":0,"href":"https:\/\/www.claret.org\/pt-pt\/wp-json\/wp\/v2\/posts\/54548\/revisions"}],"wp:featuredmedia":[{"embeddable":true,"href":"https:\/\/www.claret.org\/pt-pt\/wp-json\/wp\/v2\/media\/54542"}],"wp:attachment":[{"href":"https:\/\/www.claret.org\/pt-pt\/wp-json\/wp\/v2\/media?parent=54548"}],"wp:term":[{"taxonomy":"category","embeddable":true,"href":"https:\/\/www.claret.org\/pt-pt\/wp-json\/wp\/v2\/categories?post=54548"},{"taxonomy":"post_tag","embeddable":true,"href":"https:\/\/www.claret.org\/pt-pt\/wp-json\/wp\/v2\/tags?post=54548"}],"curies":[{"name":"wp","href":"https:\/\/api.w.org\/{rel}","templated":true}]}}