{"id":55114,"date":"2011-10-24T09:57:32","date_gmt":"2011-10-24T07:57:32","guid":{"rendered":"https:\/\/www.claret.org\/felicidades-na-festa-de-santo-antonio-ma-claret\/"},"modified":"2011-10-24T09:57:32","modified_gmt":"2011-10-24T07:57:32","slug":"felicidades-na-festa-de-santo-antonio-ma-claret","status":"publish","type":"post","link":"https:\/\/www.claret.org\/pt-pt\/felicidades-na-festa-de-santo-antonio-ma-claret\/","title":{"rendered":"\u00a1Felicidades! na festa de Santo Ant\u00f3nio M\u00aa. Claret"},"content":{"rendered":"<p>El Governo Geral e aqueles que t\u00eam a miss\u00e3o de informar desejamos a toda a congrega\u00e7\u00e3o e \u00e0queles que partilham o ideal mission\u00e1rio de Santo Ant\u00f3nio M\u00aa. Claret, uma gozosa festa do Pe. Fundador.<br \/>\nNo recanto situado junto a esta nota, pode ler-se a mensagem do Pe. Geral (&#8220;Carta de outubro 2011&#8221; no 150\u00ba Anivers\u00e1rio de la Gra\u00e7a Eucar\u00edstica).<br \/>\n<em>Na foto, o Pe. Geral e o Pe Gonzalo Fern\u00e1ndez, durante a exposi\u00e7\u00e3o do estado atual da Congrega\u00e7\u00e3o, ao claretianos residentes em Roma, reunidos na comunidade de Banchi Cechi, na tarde do dia 23 de outubro.<\/em><\/p>\n","protected":false},"excerpt":{"rendered":"<p>El Governo Geral e aqueles que t\u00eam a miss\u00e3o de informar desejamos a toda a congrega\u00e7\u00e3o e \u00e0queles que partilham o ideal mission\u00e1rio de Santo Ant\u00f3nio M\u00aa. Claret, uma gozosa festa do Pe. Fundador. No recanto situado junto a esta nota, pode ler-se a mensagem do Pe. Geral (&#8220;Carta de outubro 2011&#8221; no 150\u00ba Anivers\u00e1rio [&hellip;]<\/p>\n","protected":false},"author":1,"featured_media":55107,"comment_status":"closed","ping_status":"closed","sticky":false,"template":"","format":"standard","meta":{"_et_pb_use_builder":"","_et_pb_old_content":"","_et_gb_content_width":"","footnotes":""},"categories":[1099,569,518,1612],"tags":[],"class_list":["post-55114","post","type-post","status-publish","format-standard","has-post-thumbnail","hentry","category-congregacao","category-fundadores-pt-pt","category-governo-geral","category-josep-abella-batlle-pt-pt"],"jetpack_featured_media_url":"https:\/\/i0.wp.com\/www.claret.org\/wp-content\/uploads\/2019\/07\/Banchi_V_2.jpg?fit=450%2C323&ssl=1","jetpack_sharing_enabled":true,"jetpack_shortlink":"https:\/\/wp.me\/pdaBmi-ekW","jetpack_likes_enabled":true,"_links":{"self":[{"href":"https:\/\/www.claret.org\/pt-pt\/wp-json\/wp\/v2\/posts\/55114","targetHints":{"allow":["GET"]}}],"collection":[{"href":"https:\/\/www.claret.org\/pt-pt\/wp-json\/wp\/v2\/posts"}],"about":[{"href":"https:\/\/www.claret.org\/pt-pt\/wp-json\/wp\/v2\/types\/post"}],"author":[{"embeddable":true,"href":"https:\/\/www.claret.org\/pt-pt\/wp-json\/wp\/v2\/users\/1"}],"replies":[{"embeddable":true,"href":"https:\/\/www.claret.org\/pt-pt\/wp-json\/wp\/v2\/comments?post=55114"}],"version-history":[{"count":0,"href":"https:\/\/www.claret.org\/pt-pt\/wp-json\/wp\/v2\/posts\/55114\/revisions"}],"wp:featuredmedia":[{"embeddable":true,"href":"https:\/\/www.claret.org\/pt-pt\/wp-json\/wp\/v2\/media\/55107"}],"wp:attachment":[{"href":"https:\/\/www.claret.org\/pt-pt\/wp-json\/wp\/v2\/media?parent=55114"}],"wp:term":[{"taxonomy":"category","embeddable":true,"href":"https:\/\/www.claret.org\/pt-pt\/wp-json\/wp\/v2\/categories?post=55114"},{"taxonomy":"post_tag","embeddable":true,"href":"https:\/\/www.claret.org\/pt-pt\/wp-json\/wp\/v2\/tags?post=55114"}],"curies":[{"name":"wp","href":"https:\/\/api.w.org\/{rel}","templated":true}]}}