{"id":55731,"date":"2011-07-25T10:08:24","date_gmt":"2011-07-25T08:08:24","guid":{"rendered":"https:\/\/www.claret.org\/a-escuta-da-realidade-xvi-capitulo-geral-das-rmi\/"},"modified":"2011-07-25T10:08:24","modified_gmt":"2011-07-25T08:08:24","slug":"a-escuta-da-realidade-xvi-capitulo-geral-das-rmi","status":"publish","type":"post","link":"https:\/\/www.claret.org\/pt-pt\/a-escuta-da-realidade-xvi-capitulo-geral-das-rmi\/","title":{"rendered":"\u00c0 escuta da realidade: XVI Cap\u00edtulo Geral das RMI"},"content":{"rendered":"<p><strong>Galapagar (Madrid), Espanha. <\/strong>No dia 18 de Julho, segunda-feira, come\u00e7ou neste local o XVI cap\u00edtulo geral das Mission\u00e1rias Claretianas. Est\u00e3o presentes 40 religiosas prodedentes das prov\u00edncias da Argentina, Col\u00f4mbia, Espanha \u2013norte e Espanha \u2013 Sul; das vice-prov\u00edncias da \u00c1sia e da It\u00e1lia, e das delega\u00e7\u00f5es da \u00c1frica, Estados Unidos, Europa de Leste e Venezuela.<\/p>\n<div>\n<p>No dia que precedeu a inaugura\u00e7\u00e3o houve uma prepara\u00e7\u00e3o especial com irm\u00e3s que participaval pela primeira vez num cap\u00edtulo.<br \/>\nNo dia 19 estudou-se uma s\u00edntese da realidade mundial que se completou com a perspetiva  de cada regi\u00e3o onde as irm\u00e3s  est\u00e3o presentes, no desempenho da sua miss\u00e3o.<br \/>\nNo dia 20, o Pe. Joseph Abella, superior geral dos Mission\u00e1rios Claretianos, partilhou com as capitulares a sua experi\u00eancia sobre a reorganiza\u00e7\u00e3o da congrega\u00e7\u00e3o.<\/p>\n<p>Com a realiza\u00e7\u00e3o deste cap\u00edtulo, as Mission\u00e1rias Claretianas, como \u201cuma s\u00f3 fam\u00edlia e um s\u00f3 cora\u00e7\u00e3o\u201d, procuram juntas o querer de Deus para a congrega\u00e7\u00e3o, traduzindo para o nosso tempo o esp\u00edrito apost\u00f3lico dos seus fundadores: a Madre Ant\u00f3nia Paris e o Pe. Claret.<\/p>\n<p>Con la celebraci\u00f3n de este Cap\u00edtulo, las Misioneras Claretianas, como \u201cuna sola familia y un s\u00f3lo coraz\u00f3n,\u201d buscan juntas el querer de Dios para la Congregaci\u00f3n, traduciendo a nuestro tiempo el esp\u00edritu apost\u00f3lico de sus Fundadores, la Madre Par\u00eds y el Padre Claret.<\/p>\n<p>Pode seguir o cap\u00edtulo geral no blogue: <a href=\"http:\/\/claretianas.wordpress.com\/capitulares\/\" target=\"_blank\" rel=\"noopener noreferrer nofollow\">http:\/\/claretianas.wordpress.com\/capitulares\/<\/a><\/p>\n<\/div>\n","protected":false},"excerpt":{"rendered":"<p>Galapagar (Madrid), Espanha. No dia 18 de Julho, segunda-feira, come\u00e7ou neste local o XVI cap\u00edtulo geral das Mission\u00e1rias Claretianas. Est\u00e3o presentes 40 religiosas prodedentes das prov\u00edncias da Argentina, Col\u00f4mbia, Espanha \u2013norte e Espanha \u2013 Sul; das vice-prov\u00edncias da \u00c1sia e da It\u00e1lia, e das delega\u00e7\u00f5es da \u00c1frica, Estados Unidos, Europa de Leste e Venezuela. No [&hellip;]<\/p>\n","protected":false},"author":1,"featured_media":55725,"comment_status":"closed","ping_status":"closed","sticky":false,"template":"","format":"standard","meta":{"_et_pb_use_builder":"","_et_pb_old_content":"","_et_gb_content_width":"","footnotes":""},"categories":[1099,529,418],"tags":[],"class_list":["post-55731","post","type-post","status-publish","format-standard","has-post-thumbnail","hentry","category-congregacao","category-familia-claretiana-pt-pt","category-vida-consagrada-pt-pt"],"jetpack_featured_media_url":"https:\/\/i0.wp.com\/www.claret.org\/wp-content\/uploads\/2019\/07\/RMI_Capit_web.jpg?fit=450%2C338&ssl=1","jetpack_sharing_enabled":true,"jetpack_shortlink":"https:\/\/wp.me\/pdaBmi-euT","jetpack_likes_enabled":true,"_links":{"self":[{"href":"https:\/\/www.claret.org\/pt-pt\/wp-json\/wp\/v2\/posts\/55731","targetHints":{"allow":["GET"]}}],"collection":[{"href":"https:\/\/www.claret.org\/pt-pt\/wp-json\/wp\/v2\/posts"}],"about":[{"href":"https:\/\/www.claret.org\/pt-pt\/wp-json\/wp\/v2\/types\/post"}],"author":[{"embeddable":true,"href":"https:\/\/www.claret.org\/pt-pt\/wp-json\/wp\/v2\/users\/1"}],"replies":[{"embeddable":true,"href":"https:\/\/www.claret.org\/pt-pt\/wp-json\/wp\/v2\/comments?post=55731"}],"version-history":[{"count":0,"href":"https:\/\/www.claret.org\/pt-pt\/wp-json\/wp\/v2\/posts\/55731\/revisions"}],"wp:featuredmedia":[{"embeddable":true,"href":"https:\/\/www.claret.org\/pt-pt\/wp-json\/wp\/v2\/media\/55725"}],"wp:attachment":[{"href":"https:\/\/www.claret.org\/pt-pt\/wp-json\/wp\/v2\/media?parent=55731"}],"wp:term":[{"taxonomy":"category","embeddable":true,"href":"https:\/\/www.claret.org\/pt-pt\/wp-json\/wp\/v2\/categories?post=55731"},{"taxonomy":"post_tag","embeddable":true,"href":"https:\/\/www.claret.org\/pt-pt\/wp-json\/wp\/v2\/tags?post=55731"}],"curies":[{"name":"wp","href":"https:\/\/api.w.org\/{rel}","templated":true}]}}