{"id":55757,"date":"2011-07-25T10:29:01","date_gmt":"2011-07-25T08:29:01","guid":{"rendered":"https:\/\/www.claret.org\/xvi-assembleia-geral-das-missionarias-da-instituicao-claretiana\/"},"modified":"2011-07-25T10:29:01","modified_gmt":"2011-07-25T08:29:01","slug":"xvi-assembleia-geral-das-missionarias-da-instituicao-claretiana","status":"publish","type":"post","link":"https:\/\/www.claret.org\/pt-pt\/xvi-assembleia-geral-das-missionarias-da-instituicao-claretiana\/","title":{"rendered":"XVI Assembleia Geral das Mission\u00e1rias da Institui\u00e7\u00e3o Claretiana"},"content":{"rendered":"<p><strong>Vic, Espa\u00f1a.<\/strong> As Mission\u00e1rias da Institui\u00e7\u00e3o Claretiana est\u00e3o reunidas na sua XVI assembleia geral, em Vic, desde o dia 17 de Julho.<\/p>\n<p>Este instituto que \u00e9 parte integrante da fam\u00edlia claretiana, foi fundado em Vic pelo Pe. Lluis Pujol CMF e pela Ir. Maria Dolores Sol\u00e1, para viver o esp\u00edrito mission\u00e1rio de Jesus, de acordo com o esp\u00edrito de Santo Ant\u00f3nio Maria Claret. Desenvolve a sua miss\u00e3o evangelizadora por todos os meios poss\u00edveis, dos quais se destacam: a sa\u00fade, a catequese e a promo\u00e7\u00e3o da mulher.<\/p>\n<p>Na carta convocat\u00f3ria da assembleia, a Ir. Pilar Rovira, superiora geral, comunicava o lema da mesma: \u201cuma espiritualidade para a comunh\u00e3o\u201d. \u00c9 um momento importante que possibilita a todas as irm\u00e3s participar nas linhas de a\u00e7\u00e3o que ir\u00e3o animar a sua vida religiosa e mission\u00e1ria durante os pr\u00f3ximos anos. As irm\u00e3s delegadas s\u00e3o oriundas das comunidades de Lambr\u00e9 e Yh\u00fa no Paraguai, de Altamira, na Rep\u00fablica Dominicana e Conrnell\u00e1 e Vic, em Espanha.<\/p>\n<p>No m\u00eas de Janeiro de 2010 iniciara-se o per\u00edodo de prepara\u00e7\u00e3o com a forma\u00e7\u00e3o duma comiss\u00e3o preparat\u00f3ria para a elabora\u00e7\u00e3o do documento de trabalho, a elei\u00e7\u00e3o das delegadas, a realiza\u00e7\u00e3o dos memorandos e avalia\u00e7\u00f5es e, especialmente, a reflex\u00e3o e ora\u00e7\u00e3o com a Palavra de Deus e os  documentos institucionais e eclesiais.<\/p>\n<p>No dia 21 de Julho foi eleito o seguinte governo da congrega\u00e7\u00e3o: Superiora Geral, Hna. Pilar Rovira; 1\u00aa Conselheira y Vig\u00e1ria, Myriam Fretes; 2\u00aa Conselheira y Secret\u00e1ria, Ma. Gracia Garc\u00eda-Barquero.<\/p>\n<p>Pode continuar a seguir a Assembleia geral no blogue: <a href=\"http:\/\/asambleamic.blogspot.com\/\" rel=\"nofollow noopener\" target=\"_blank\">http:\/\/asambleamic.blogspot.com<\/a><\/p>\n","protected":false},"excerpt":{"rendered":"<p>Vic, Espa\u00f1a. As Mission\u00e1rias da Institui\u00e7\u00e3o Claretiana est\u00e3o reunidas na sua XVI assembleia geral, em Vic, desde o dia 17 de Julho. Este instituto que \u00e9 parte integrante da fam\u00edlia claretiana, foi fundado em Vic pelo Pe. Lluis Pujol CMF e pela Ir. Maria Dolores Sol\u00e1, para viver o esp\u00edrito mission\u00e1rio de Jesus, de acordo [&hellip;]<\/p>\n","protected":false},"author":1,"featured_media":55751,"comment_status":"closed","ping_status":"closed","sticky":false,"template":"","format":"standard","meta":{"_et_pb_use_builder":"","_et_pb_old_content":"","_et_gb_content_width":"","footnotes":""},"categories":[459,1099,529],"tags":[],"class_list":["post-55757","post","type-post","status-publish","format-standard","has-post-thumbnail","hentry","category-a-missao-claretiana","category-congregacao","category-familia-claretiana-pt-pt"],"jetpack_featured_media_url":"https:\/\/i0.wp.com\/www.claret.org\/wp-content\/uploads\/2019\/07\/MIC_1.jpg?fit=450%2C337&ssl=1","jetpack_sharing_enabled":true,"jetpack_shortlink":"https:\/\/wp.me\/pdaBmi-evj","jetpack_likes_enabled":true,"_links":{"self":[{"href":"https:\/\/www.claret.org\/pt-pt\/wp-json\/wp\/v2\/posts\/55757","targetHints":{"allow":["GET"]}}],"collection":[{"href":"https:\/\/www.claret.org\/pt-pt\/wp-json\/wp\/v2\/posts"}],"about":[{"href":"https:\/\/www.claret.org\/pt-pt\/wp-json\/wp\/v2\/types\/post"}],"author":[{"embeddable":true,"href":"https:\/\/www.claret.org\/pt-pt\/wp-json\/wp\/v2\/users\/1"}],"replies":[{"embeddable":true,"href":"https:\/\/www.claret.org\/pt-pt\/wp-json\/wp\/v2\/comments?post=55757"}],"version-history":[{"count":0,"href":"https:\/\/www.claret.org\/pt-pt\/wp-json\/wp\/v2\/posts\/55757\/revisions"}],"wp:featuredmedia":[{"embeddable":true,"href":"https:\/\/www.claret.org\/pt-pt\/wp-json\/wp\/v2\/media\/55751"}],"wp:attachment":[{"href":"https:\/\/www.claret.org\/pt-pt\/wp-json\/wp\/v2\/media?parent=55757"}],"wp:term":[{"taxonomy":"category","embeddable":true,"href":"https:\/\/www.claret.org\/pt-pt\/wp-json\/wp\/v2\/categories?post=55757"},{"taxonomy":"post_tag","embeddable":true,"href":"https:\/\/www.claret.org\/pt-pt\/wp-json\/wp\/v2\/tags?post=55757"}],"curies":[{"name":"wp","href":"https:\/\/api.w.org\/{rel}","templated":true}]}}